{"id":1938,"date":"2020-03-31T17:36:09","date_gmt":"2020-03-31T17:36:09","guid":{"rendered":"https:\/\/blog.evino.com.br\/?p=1938"},"modified":"2022-10-13T19:13:27","modified_gmt":"2022-10-13T19:13:27","slug":"evino-em-combate-ao-coronavirus","status":"publish","type":"post","link":"https:\/\/www.evino.com.br\/blog\/evino-em-combate-ao-coronavirus\/","title":{"rendered":"\u00c9 Hora de Ficar em Casa: conhe\u00e7a as a\u00e7\u00f5es da Evino em combate ao Coronavirus"},"content":{"rendered":"<p><span style=\"font-weight: 400;\">No dia 11 de mar\u00e7o de 2020, a Organiza\u00e7\u00e3o Mundial da Sa\u00fade (OMS) declarou oficialmente o novo Coronav\u00edrus, ou COVID-19, como uma pandemia. Antes mesmo desse fato, esse j\u00e1 era um assunto muito discutido mundo afora, e cada vez mais devemos intensificar nossos cuidados para diminuir o cont\u00e1gio e auxiliar o combate ao Coronavirus.<\/span><\/p>\n<p><span style=\"font-weight: 400;\">Por aqui, estamos muito preocupados, mas j\u00e1 adotando todas as medidas necess\u00e1rias e que possam ajudar a frear a evolu\u00e7\u00e3o da COVID-19 no nosso pa\u00eds. Confira quais s\u00e3o essas a\u00e7\u00f5es:<\/span><\/p>\n<h2><b>#HoraDeFicarEmCasa<\/b><\/h2>\n<p><span style=\"font-weight: 400;\">N\u00f3s aumentamos a higieniza\u00e7\u00e3o dos nossos espa\u00e7os de trabalho e inserimos home office na rotina dos Eviners, com o objetivo de, a partir da prote\u00e7\u00e3o deles e de seus familiares, tentar diminuir o impacto que este momento pode gerar na nossa sociedade. Veja em detalhes:<\/span><\/p>\n<ul>\n<li><b>Eviners: <\/b><span style=\"font-weight: 400;\">nossos times j\u00e1 est\u00e3o operando em home office e continuar\u00e3o durante todo esse per\u00edodo. O momento \u00e9 de isolamento, pensando na seguran\u00e7a de todos!<\/span><\/li>\n<li><b>Servi\u00e7o de Atendimento ao Cliente (SAC): <\/b><span style=\"font-weight: 400;\">nosso time de atendimento ao consumidor tamb\u00e9m est\u00e1 atendendo de casa. Todos receberam os equipamentos necess\u00e1rios para continuar tirando suas d\u00favidas e auxiliando no que for necess\u00e1rio.<\/span><\/li>\n<li><b>Centro de Distribui\u00e7\u00e3o: <\/b><span style=\"font-weight: 400;\">nas opera\u00e7\u00f5es do centro de distribui\u00e7\u00e3o do Esp\u00edrito Santo, os cuidados com a higiene tamb\u00e9m aumentaram para garantir o bem estar de todos no local.\u00a0<\/span><\/li>\n<\/ul>\n<h2><b>Vamos falar de prote\u00e7\u00e3o no combate ao Coronavirus?<\/b><\/h2>\n<p><span style=\"font-weight: 400;\">Como voc\u00ea viu, j\u00e1 estamos nos cuidando por aqui. E voc\u00ea? Lembre-se que nesse momento \u00e9 essencial tomar algumas medidas para o bem-estar coletivo, como as que est\u00e3o listadas a seguir:<\/span><\/p>\n<ul>\n<li style=\"font-weight: 400;\"><b>Lave as m\u00e3os com frequ\u00eancia<\/b><span style=\"font-weight: 400;\"> &#8211; mas lava direitinho, viu? N\u00e3o se esque\u00e7a de limpar entre os dedos, os punhos e de baixo das unhas;<\/span><\/li>\n<li style=\"font-weight: 400;\"><span style=\"font-weight: 400;\">S\u00f3 utilize \u00e1lcool em gel se <\/span><b>n\u00e3o estiver<\/b><span style=\"font-weight: 400;\"> em um ambiente que voc\u00ea consiga lavar as m\u00e3os;<\/span><\/li>\n<li style=\"font-weight: 400;\"><b>Higienize objetos<\/b> <b>que voc\u00ea utiliza no dia a dia<\/b><span style=\"font-weight: 400;\">, como celulares, mouses e teclados (com \u00e1lcool em gel) e \u00f3culos (com \u00e1gua e sab\u00e3o);<\/span><\/li>\n<li style=\"font-weight: 400;\"><b>Higienize as garrafas de vinho que comprar<\/b><span style=\"font-weight: 400;\">, lave bem as m\u00e3os ap\u00f3s receber a entrega ou manusear o produto, e, se poss\u00edvel, <\/span><b>evite contato com o entregador<\/b><span style=\"font-weight: 400;\">;<\/span><\/li>\n<\/ul>\n<p>[slider navigation_style=&#8221;arrows&#8221; custom_slider_transition=&#8221;move&#8221;]<\/p>\n<p>[slide]<\/p>\n<blockquote class=\"instagram-media\" style=\"background: #FFF; border: 0; border-radius: 3px; box-shadow: 0 0 1px 0 rgba(0,0,0,0.5),0 1px 10px 0 rgba(0,0,0,0.15); margin: 1px; max-width: 540px; min-width: 326px; padding: 0; width: calc(100% - 2px);\" data-instgrm-permalink=\"https:\/\/www.instagram.com\/p\/B-M5ADLHpv3\/?utm_source=ig_embed&amp;utm_campaign=loading\" data-instgrm-version=\"12\">\n<div style=\"padding: 16px;\">\n<div style=\"display: flex; flex-direction: row; align-items: center;\">\n<div style=\"background-color: #f4f4f4; border-radius: 50%; flex-grow: 0; height: 40px; margin-right: 14px; width: 40px;\"><\/div>\n<div style=\"display: flex; flex-direction: column; flex-grow: 1; justify-content: center;\">\n<div style=\"background-color: #f4f4f4; border-radius: 4px; flex-grow: 0; height: 14px; margin-bottom: 6px; width: 100px;\"><\/div>\n<div style=\"background-color: #f4f4f4; border-radius: 4px; flex-grow: 0; height: 14px; width: 60px;\"><\/div>\n<\/div>\n<\/div>\n<div style=\"padding: 19% 0;\"><\/div>\n<div style=\"display: block; height: 50px; margin: 0 auto 12px; width: 50px;\"><\/div>\n<div style=\"padding-top: 8px;\">\n<div style=\"color: #3897f0; font-family: Arial,sans-serif; font-size: 14px; font-style: normal; font-weight: 550; line-height: 18px;\">Ver essa foto no Instagram<\/div>\n<\/div>\n<div style=\"padding: 12.5% 0;\"><\/div>\n<div style=\"display: flex; flex-direction: row; margin-bottom: 14px; align-items: center;\">\n<div>\n<div style=\"background-color: #f4f4f4; border-radius: 50%; height: 12.5px; width: 12.5px; transform: translateX(0px) translateY(7px);\"><\/div>\n<div style=\"background-color: #f4f4f4; height: 12.5px; transform: rotate(-45deg) translateX(3px) translateY(1px); width: 12.5px; flex-grow: 0; margin-right: 14px; margin-left: 2px;\"><\/div>\n<div style=\"background-color: #f4f4f4; border-radius: 50%; height: 12.5px; width: 12.5px; transform: translateX(9px) translateY(-18px);\"><\/div>\n<\/div>\n<div style=\"margin-left: 8px;\">\n<div style=\"background-color: #f4f4f4; border-radius: 50%; flex-grow: 0; height: 20px; width: 20px;\"><\/div>\n<div style=\"width: 0; height: 0; border-top: 2px solid transparent; border-left: 6px solid #f4f4f4; border-bottom: 2px solid transparent; transform: translateX(16px) translateY(-4px) rotate(30deg);\"><\/div>\n<\/div>\n<div style=\"margin-left: auto;\">\n<div style=\"width: 0px; border-top: 8px solid #F4F4F4; border-right: 8px solid transparent; transform: translateY(16px);\"><\/div>\n<div style=\"background-color: #f4f4f4; flex-grow: 0; height: 12px; width: 16px; transform: translateY(-4px);\"><\/div>\n<div style=\"width: 0; height: 0; border-top: 8px solid #F4F4F4; border-left: 8px solid transparent; transform: translateY(-4px) translateX(8px);\"><\/div>\n<\/div>\n<\/div>\n<div style=\"display: flex; flex-direction: column; flex-grow: 1; justify-content: center; margin-bottom: 24px;\">\n<div style=\"background-color: #f4f4f4; border-radius: 4px; flex-grow: 0; height: 14px; margin-bottom: 6px; width: 224px;\"><\/div>\n<div style=\"background-color: #f4f4f4; border-radius: 4px; flex-grow: 0; height: 14px; width: 144px;\"><\/div>\n<\/div>\n<p style=\"color: #c9c8cd; font-family: Arial,sans-serif; font-size: 14px; line-height: 17px; margin-bottom: 0; margin-top: 8px; overflow: hidden; padding: 8px 0 7px; text-align: center; text-overflow: ellipsis; white-space: nowrap;\">Uma publica\u00e7\u00e3o compartilhada por Evino (@evino) em <time style=\"font-family: Arial,sans-serif; font-size: 14px; line-height: 17px;\" datetime=\"2020-03-26T15:11:49+00:00\">26 de Mar, 2020 \u00e0s 8:11 PDT<\/time><\/p>\n<\/div>\n<\/blockquote>\n<p><script async=\"\" src=\"\/\/www.instagram.com\/embed.js\"><\/script><\/p>\n<p>[\/slide]<\/p>\n<p>[\/slider]<\/p>\n<ul>\n<li style=\"font-weight: 400;\"><b>Evite compartilhar objetos pessoais <\/b><span style=\"font-weight: 400;\">como talheres, copos e garrafas, mesmo se a pessoa n\u00e3o apresentar sintomas;<\/span><\/li>\n<li style=\"font-weight: 400;\"><b>Idosos s\u00e3o um dos principais grupos de risco<\/b><span style=\"font-weight: 400;\">, ent\u00e3o \u00e9 melhor n\u00e3o visitar a vov\u00f3 por enquanto;<\/span><\/li>\n<li style=\"font-weight: 400;\"><span style=\"font-weight: 400;\">Infelizmente agora n\u00e3o \u00e9 o melhor momento para abra\u00e7os, mas tudo bem, <\/span><b>esse distanciamento tamb\u00e9m \u00e9 cuidado &#8211; e quem ama cuida<\/b><span style=\"font-weight: 400;\">, certo? &lt;3\u00a0<\/span><\/li>\n<\/ul>\n<h3><b>Para estar junto, voc\u00ea n\u00e3o precisa estar perto!<\/b><\/h3>\n<p><span style=\"font-weight: 400;\">Com a Evino, presentear as pessoas em datas comemorativas ou apenas em pequenas demonstra\u00e7\u00f5es de afeto n\u00e3o precisa ser uma preocupa\u00e7\u00e3o neste momento em que precisamos ficar em casa.\u00a0<\/span><\/p>\n<p><span style=\"font-weight: 400;\">Ir a uma loja comprar alguns vinhos agora pode ser arriscado, uma exposi\u00e7\u00e3o desnecess\u00e1ria. \u00c9 por isso que continuamos na palma da sua m\u00e3o: pelo seu celular, no EvinoAPP, ou no <a href=\"https:\/\/www.evino.com.br\/campaign\/campanha-casa\">nosso site<\/a>, pela web &#8211; sempre a todo vapor, com as melhores ofertas:<\/span><\/p>\n<ul>\n<li style=\"font-weight: 400;\"><b>C\u00e2mbio congelado e Frete Gr\u00e1tis*:<\/b><span style=\"font-weight: 400;\"> temos uma sess\u00e3o exclusiva para voc\u00ea garantir seus vinhos favoritos sem gastar muito. Confira<a href=\"https:\/\/www.evino.com.br\/campaign\/campanha-casa\"> aqui.<\/a><\/span><\/li>\n<\/ul>\n<p><span style=\"font-weight: 400;\">*V\u00e1lido para vinhos dessa campanha.<\/span><\/p>\n<ul>\n<li><b>Ifood e Rappi: <\/b><span style=\"font-weight: 400;\">n\u00e3o precisa se preocupar! Se precisar de n\u00f3s com mais urg\u00eancia, voc\u00ea pode nos encontrar no Ifood e na Rappi. A entrega ser\u00e1 feita em at\u00e9 2 horas em toda a capital de S\u00e3o Paulo.<\/span><\/li>\n<li><b>Entrega: <\/b><span style=\"font-weight: 400;\">voc\u00ea tamb\u00e9m n\u00e3o precisa se preocupar quanto a isso! As transportadoras est\u00e3o tomando todas as medidas de higiene necess\u00e1rias para continuar com as entregas da melhor forma poss\u00edvel &#8211; e mais segura tamb\u00e9m.<\/span><\/li>\n<li style=\"font-weight: 400;\"><b>#EmCasaComEvino:<\/b><span style=\"font-weight: 400;\"> estaremos com voc\u00ea para amenizar esse momento delicado. Teremos uma rotina de <a href=\"https:\/\/www.instagram.com\/evino\/\">lives<\/a> que contar\u00e3o com a participa\u00e7\u00e3o da sommeli\u00e8re Jessica Marinzeck e da host Duda Freire, para tirar todas as suas d\u00favidas. Al\u00e9m disso, teremos outros convidados especiais de diversos seguimentos, como M\u00f4nica Boaventura, Roberto Sadovski, Gustavo Cruz e M\u00e1rcio Silva. <\/span><b>As lives ocorrer\u00e3o semanalmente \u00e0s ter\u00e7as e quintas-feiras, a partir das 19h.<\/b><\/li>\n<\/ul>\n<p><b>LEMBRE-SE:<\/b><span style=\"font-weight: 400;\"> vamos aumentar ainda mais a consci\u00eancia sobre a situa\u00e7\u00e3o para que todos fiquem bem e seguros! &lt;3\u00a0<\/span><\/p>\n<p>Estamos juntos no combate ao Coronavirus.<\/p>\n<p>E se quiser aprender mais sobre o mundo do vinho, j\u00e1 sabe onde <a href=\"https:\/\/www.evino.com.br\/blog\/\">nos encontrar<\/a>.<\/p>\n","protected":false},"excerpt":{"rendered":"<p>No dia 11 de mar\u00e7o de 2020, a Organiza\u00e7\u00e3o Mundial da Sa\u00fade (OMS) declarou oficialmente o novo Coronav\u00edrus, ou COVID-19, como uma pandemia. Antes mesmo desse fato, esse j\u00e1 era um assunto muito discutido mundo afora, e cada vez mais devemos intensificar nossos cuidados para diminuir o cont\u00e1gio e auxiliar o combate ao Coronavirus. Por aqui, estamos muito preocupados, mas j\u00e1 adotando todas as medidas necess\u00e1rias e que possam ajudar a frear a evolu\u00e7\u00e3o da COVID-19 no nosso pa\u00eds. Confira quais s\u00e3o essas a\u00e7\u00f5es: #HoraDeFicarEmCasa N\u00f3s aumentamos a higieniza\u00e7\u00e3o dos nossos espa\u00e7os de trabalho e inserimos home office na rotina&#8230;<\/p>\n","protected":false},"author":3,"featured_media":1949,"comment_status":"open","ping_status":"open","sticky":false,"template":"","format":"standard","meta":{"_acf_changed":false,"footnotes":""},"categories":[16],"tags":[105,106,107,108,109,48,110,111],"class_list":["post-1938","post","type-post","status-publish","format-standard","has-post-thumbnail","hentry","category-dicas","tag-combate-ao-coronavirus","tag-coronavirus","tag-covid-19","tag-dicas-para-combater-o-coronavirus","tag-empresa-evino","tag-evino","tag-hora-de-ficar-em-casa","tag-prevencao-ao-coronavirus"],"acf":[],"yoast_head":"<!-- This site is optimized with the Yoast SEO plugin v27.5 - https:\/\/yoast.com\/product\/yoast-seo-wordpress\/ -->\n<title>Conhe\u00e7a as a\u00e7\u00f5es da Evino em combate ao Coronavirus - Evino<\/title>\n<meta name=\"description\" content=\"Agora, mais do que nunca, \u00e9 #HoraDeFicarEmCasa e cuidar de quem mais amamos! Conhe\u00e7a a nossa campanha e a\u00e7\u00f5es em combate ao Coronavirus.\" \/>\n<meta name=\"robots\" content=\"index, follow, max-snippet:-1, max-image-preview:large, max-video-preview:-1\" \/>\n<link rel=\"canonical\" href=\"https:\/\/www.evino.com.br\/blog\/evino-em-combate-ao-coronavirus\/\" \/>\n<meta property=\"og:locale\" content=\"pt_BR\" \/>\n<meta property=\"og:type\" content=\"article\" \/>\n<meta property=\"og:title\" content=\"Conhe\u00e7a as a\u00e7\u00f5es da Evino em combate ao Coronavirus - Evino\" \/>\n<meta property=\"og:description\" content=\"Agora, mais do que nunca, \u00e9 #HoraDeFicarEmCasa e cuidar de quem mais amamos! Conhe\u00e7a a nossa campanha e a\u00e7\u00f5es em combate ao Coronavirus.\" \/>\n<meta property=\"og:url\" content=\"https:\/\/www.evino.com.br\/blog\/evino-em-combate-ao-coronavirus\/\" \/>\n<meta property=\"og:site_name\" content=\"Evino\" \/>\n<meta property=\"article:published_time\" content=\"2020-03-31T17:36:09+00:00\" \/>\n<meta property=\"article:modified_time\" content=\"2022-10-13T19:13:27+00:00\" \/>\n<meta property=\"og:image\" content=\"https:\/\/www.evino.com.br\/blog\/wp-content\/uploads\/2020\/03\/coronavirus_desk-1.jpg\" \/>\n\t<meta property=\"og:image:width\" content=\"1200\" \/>\n\t<meta property=\"og:image:height\" content=\"497\" \/>\n\t<meta property=\"og:image:type\" content=\"image\/jpeg\" \/>\n<meta name=\"author\" content=\"Juliana Cristina\" \/>\n<meta name=\"twitter:card\" content=\"summary_large_image\" \/>\n<meta name=\"twitter:label1\" content=\"Escrito por\" \/>\n\t<meta name=\"twitter:data1\" content=\"Juliana Cristina\" \/>\n\t<meta name=\"twitter:label2\" content=\"Est. tempo de leitura\" \/>\n\t<meta name=\"twitter:data2\" content=\"4 minutos\" \/>\n<script type=\"application\/ld+json\" class=\"yoast-schema-graph\">{\"@context\":\"https:\\\/\\\/schema.org\",\"@graph\":[{\"@type\":\"Article\",\"@id\":\"https:\\\/\\\/www.evino.com.br\\\/blog\\\/evino-em-combate-ao-coronavirus\\\/#article\",\"isPartOf\":{\"@id\":\"https:\\\/\\\/www.evino.com.br\\\/blog\\\/evino-em-combate-ao-coronavirus\\\/\"},\"author\":{\"name\":\"Juliana Cristina\",\"@id\":\"https:\\\/\\\/www.evino.com.br\\\/blog\\\/#\\\/schema\\\/person\\\/5d927793c9c7e96530f925abacc47717\"},\"headline\":\"\u00c9 Hora de Ficar em Casa: conhe\u00e7a as a\u00e7\u00f5es da Evino em combate ao Coronavirus\",\"datePublished\":\"2020-03-31T17:36:09+00:00\",\"dateModified\":\"2022-10-13T19:13:27+00:00\",\"mainEntityOfPage\":{\"@id\":\"https:\\\/\\\/www.evino.com.br\\\/blog\\\/evino-em-combate-ao-coronavirus\\\/\"},\"wordCount\":801,\"commentCount\":5,\"image\":{\"@id\":\"https:\\\/\\\/www.evino.com.br\\\/blog\\\/evino-em-combate-ao-coronavirus\\\/#primaryimage\"},\"thumbnailUrl\":\"https:\\\/\\\/www.evino.com.br\\\/blog\\\/wp-content\\\/uploads\\\/2020\\\/03\\\/coronavirus_desk-1.jpg\",\"keywords\":[\"combate ao coronavirus\",\"coronavirus\",\"covid-19\",\"dicas para combater o coronavirus\",\"empresa evino\",\"evino\",\"hora de ficar em casa\",\"preven\u00e7\u00e3o ao coronavirus\"],\"articleSection\":[\"Dicas\"],\"inLanguage\":\"pt-BR\",\"potentialAction\":[{\"@type\":\"CommentAction\",\"name\":\"Comment\",\"target\":[\"https:\\\/\\\/www.evino.com.br\\\/blog\\\/evino-em-combate-ao-coronavirus\\\/#respond\"]}]},{\"@type\":\"WebPage\",\"@id\":\"https:\\\/\\\/www.evino.com.br\\\/blog\\\/evino-em-combate-ao-coronavirus\\\/\",\"url\":\"https:\\\/\\\/www.evino.com.br\\\/blog\\\/evino-em-combate-ao-coronavirus\\\/\",\"name\":\"Conhe\u00e7a as a\u00e7\u00f5es da Evino em combate ao Coronavirus - Evino\",\"isPartOf\":{\"@id\":\"https:\\\/\\\/www.evino.com.br\\\/blog\\\/#website\"},\"primaryImageOfPage\":{\"@id\":\"https:\\\/\\\/www.evino.com.br\\\/blog\\\/evino-em-combate-ao-coronavirus\\\/#primaryimage\"},\"image\":{\"@id\":\"https:\\\/\\\/www.evino.com.br\\\/blog\\\/evino-em-combate-ao-coronavirus\\\/#primaryimage\"},\"thumbnailUrl\":\"https:\\\/\\\/www.evino.com.br\\\/blog\\\/wp-content\\\/uploads\\\/2020\\\/03\\\/coronavirus_desk-1.jpg\",\"datePublished\":\"2020-03-31T17:36:09+00:00\",\"dateModified\":\"2022-10-13T19:13:27+00:00\",\"author\":{\"@id\":\"https:\\\/\\\/www.evino.com.br\\\/blog\\\/#\\\/schema\\\/person\\\/5d927793c9c7e96530f925abacc47717\"},\"description\":\"Agora, mais do que nunca, \u00e9 #HoraDeFicarEmCasa e cuidar de quem mais amamos! Conhe\u00e7a a nossa campanha e a\u00e7\u00f5es em combate ao Coronavirus.\",\"breadcrumb\":{\"@id\":\"https:\\\/\\\/www.evino.com.br\\\/blog\\\/evino-em-combate-ao-coronavirus\\\/#breadcrumb\"},\"inLanguage\":\"pt-BR\",\"potentialAction\":[{\"@type\":\"ReadAction\",\"target\":[\"https:\\\/\\\/www.evino.com.br\\\/blog\\\/evino-em-combate-ao-coronavirus\\\/\"]}]},{\"@type\":\"ImageObject\",\"inLanguage\":\"pt-BR\",\"@id\":\"https:\\\/\\\/www.evino.com.br\\\/blog\\\/evino-em-combate-ao-coronavirus\\\/#primaryimage\",\"url\":\"https:\\\/\\\/www.evino.com.br\\\/blog\\\/wp-content\\\/uploads\\\/2020\\\/03\\\/coronavirus_desk-1.jpg\",\"contentUrl\":\"https:\\\/\\\/www.evino.com.br\\\/blog\\\/wp-content\\\/uploads\\\/2020\\\/03\\\/coronavirus_desk-1.jpg\",\"width\":1200,\"height\":497,\"caption\":\"evino no combate ao coronavirus\"},{\"@type\":\"BreadcrumbList\",\"@id\":\"https:\\\/\\\/www.evino.com.br\\\/blog\\\/evino-em-combate-ao-coronavirus\\\/#breadcrumb\",\"itemListElement\":[{\"@type\":\"ListItem\",\"position\":1,\"name\":\"In\u00edcio\",\"item\":\"https:\\\/\\\/www.evino.com.br\\\/blog\\\/\"},{\"@type\":\"ListItem\",\"position\":2,\"name\":\"\u00c9 Hora de Ficar em Casa: conhe\u00e7a as a\u00e7\u00f5es da Evino em combate ao Coronavirus\"}]},{\"@type\":\"WebSite\",\"@id\":\"https:\\\/\\\/www.evino.com.br\\\/blog\\\/#website\",\"url\":\"https:\\\/\\\/www.evino.com.br\\\/blog\\\/\",\"name\":\"Evino\",\"description\":\"Blog evino\",\"potentialAction\":[{\"@type\":\"SearchAction\",\"target\":{\"@type\":\"EntryPoint\",\"urlTemplate\":\"https:\\\/\\\/www.evino.com.br\\\/blog\\\/?s={search_term_string}\"},\"query-input\":{\"@type\":\"PropertyValueSpecification\",\"valueRequired\":true,\"valueName\":\"search_term_string\"}}],\"inLanguage\":\"pt-BR\"},{\"@type\":\"Person\",\"@id\":\"https:\\\/\\\/www.evino.com.br\\\/blog\\\/#\\\/schema\\\/person\\\/5d927793c9c7e96530f925abacc47717\",\"name\":\"Juliana Cristina\",\"image\":{\"@type\":\"ImageObject\",\"inLanguage\":\"pt-BR\",\"@id\":\"https:\\\/\\\/secure.gravatar.com\\\/avatar\\\/db2189b873d7bf5cf61111ef02d922fd77514f06f2ba7ce374ce132367c84cd4?s=96&d=mm&r=g\",\"url\":\"https:\\\/\\\/secure.gravatar.com\\\/avatar\\\/db2189b873d7bf5cf61111ef02d922fd77514f06f2ba7ce374ce132367c84cd4?s=96&d=mm&r=g\",\"contentUrl\":\"https:\\\/\\\/secure.gravatar.com\\\/avatar\\\/db2189b873d7bf5cf61111ef02d922fd77514f06f2ba7ce374ce132367c84cd4?s=96&d=mm&r=g\",\"caption\":\"Juliana Cristina\"},\"url\":\"https:\\\/\\\/www.evino.com.br\\\/blog\\\/author\\\/juliana-garcia\\\/\"}]}<\/script>\n<!-- \/ Yoast SEO plugin. -->","yoast_head_json":{"title":"Conhe\u00e7a as a\u00e7\u00f5es da Evino em combate ao Coronavirus - Evino","description":"Agora, mais do que nunca, \u00e9 #HoraDeFicarEmCasa e cuidar de quem mais amamos! Conhe\u00e7a a nossa campanha e a\u00e7\u00f5es em combate ao Coronavirus.","robots":{"index":"index","follow":"follow","max-snippet":"max-snippet:-1","max-image-preview":"max-image-preview:large","max-video-preview":"max-video-preview:-1"},"canonical":"https:\/\/www.evino.com.br\/blog\/evino-em-combate-ao-coronavirus\/","og_locale":"pt_BR","og_type":"article","og_title":"Conhe\u00e7a as a\u00e7\u00f5es da Evino em combate ao Coronavirus - Evino","og_description":"Agora, mais do que nunca, \u00e9 #HoraDeFicarEmCasa e cuidar de quem mais amamos! Conhe\u00e7a a nossa campanha e a\u00e7\u00f5es em combate ao Coronavirus.","og_url":"https:\/\/www.evino.com.br\/blog\/evino-em-combate-ao-coronavirus\/","og_site_name":"Evino","article_published_time":"2020-03-31T17:36:09+00:00","article_modified_time":"2022-10-13T19:13:27+00:00","og_image":[{"width":1200,"height":497,"url":"https:\/\/www.evino.com.br\/blog\/wp-content\/uploads\/2020\/03\/coronavirus_desk-1.jpg","type":"image\/jpeg"}],"author":"Juliana Cristina","twitter_card":"summary_large_image","twitter_misc":{"Escrito por":"Juliana Cristina","Est. tempo de leitura":"4 minutos"},"schema":{"@context":"https:\/\/schema.org","@graph":[{"@type":"Article","@id":"https:\/\/www.evino.com.br\/blog\/evino-em-combate-ao-coronavirus\/#article","isPartOf":{"@id":"https:\/\/www.evino.com.br\/blog\/evino-em-combate-ao-coronavirus\/"},"author":{"name":"Juliana Cristina","@id":"https:\/\/www.evino.com.br\/blog\/#\/schema\/person\/5d927793c9c7e96530f925abacc47717"},"headline":"\u00c9 Hora de Ficar em Casa: conhe\u00e7a as a\u00e7\u00f5es da Evino em combate ao Coronavirus","datePublished":"2020-03-31T17:36:09+00:00","dateModified":"2022-10-13T19:13:27+00:00","mainEntityOfPage":{"@id":"https:\/\/www.evino.com.br\/blog\/evino-em-combate-ao-coronavirus\/"},"wordCount":801,"commentCount":5,"image":{"@id":"https:\/\/www.evino.com.br\/blog\/evino-em-combate-ao-coronavirus\/#primaryimage"},"thumbnailUrl":"https:\/\/www.evino.com.br\/blog\/wp-content\/uploads\/2020\/03\/coronavirus_desk-1.jpg","keywords":["combate ao coronavirus","coronavirus","covid-19","dicas para combater o coronavirus","empresa evino","evino","hora de ficar em casa","preven\u00e7\u00e3o ao coronavirus"],"articleSection":["Dicas"],"inLanguage":"pt-BR","potentialAction":[{"@type":"CommentAction","name":"Comment","target":["https:\/\/www.evino.com.br\/blog\/evino-em-combate-ao-coronavirus\/#respond"]}]},{"@type":"WebPage","@id":"https:\/\/www.evino.com.br\/blog\/evino-em-combate-ao-coronavirus\/","url":"https:\/\/www.evino.com.br\/blog\/evino-em-combate-ao-coronavirus\/","name":"Conhe\u00e7a as a\u00e7\u00f5es da Evino em combate ao Coronavirus - Evino","isPartOf":{"@id":"https:\/\/www.evino.com.br\/blog\/#website"},"primaryImageOfPage":{"@id":"https:\/\/www.evino.com.br\/blog\/evino-em-combate-ao-coronavirus\/#primaryimage"},"image":{"@id":"https:\/\/www.evino.com.br\/blog\/evino-em-combate-ao-coronavirus\/#primaryimage"},"thumbnailUrl":"https:\/\/www.evino.com.br\/blog\/wp-content\/uploads\/2020\/03\/coronavirus_desk-1.jpg","datePublished":"2020-03-31T17:36:09+00:00","dateModified":"2022-10-13T19:13:27+00:00","author":{"@id":"https:\/\/www.evino.com.br\/blog\/#\/schema\/person\/5d927793c9c7e96530f925abacc47717"},"description":"Agora, mais do que nunca, \u00e9 #HoraDeFicarEmCasa e cuidar de quem mais amamos! Conhe\u00e7a a nossa campanha e a\u00e7\u00f5es em combate ao Coronavirus.","breadcrumb":{"@id":"https:\/\/www.evino.com.br\/blog\/evino-em-combate-ao-coronavirus\/#breadcrumb"},"inLanguage":"pt-BR","potentialAction":[{"@type":"ReadAction","target":["https:\/\/www.evino.com.br\/blog\/evino-em-combate-ao-coronavirus\/"]}]},{"@type":"ImageObject","inLanguage":"pt-BR","@id":"https:\/\/www.evino.com.br\/blog\/evino-em-combate-ao-coronavirus\/#primaryimage","url":"https:\/\/www.evino.com.br\/blog\/wp-content\/uploads\/2020\/03\/coronavirus_desk-1.jpg","contentUrl":"https:\/\/www.evino.com.br\/blog\/wp-content\/uploads\/2020\/03\/coronavirus_desk-1.jpg","width":1200,"height":497,"caption":"evino no combate ao coronavirus"},{"@type":"BreadcrumbList","@id":"https:\/\/www.evino.com.br\/blog\/evino-em-combate-ao-coronavirus\/#breadcrumb","itemListElement":[{"@type":"ListItem","position":1,"name":"In\u00edcio","item":"https:\/\/www.evino.com.br\/blog\/"},{"@type":"ListItem","position":2,"name":"\u00c9 Hora de Ficar em Casa: conhe\u00e7a as a\u00e7\u00f5es da Evino em combate ao Coronavirus"}]},{"@type":"WebSite","@id":"https:\/\/www.evino.com.br\/blog\/#website","url":"https:\/\/www.evino.com.br\/blog\/","name":"Evino","description":"Blog evino","potentialAction":[{"@type":"SearchAction","target":{"@type":"EntryPoint","urlTemplate":"https:\/\/www.evino.com.br\/blog\/?s={search_term_string}"},"query-input":{"@type":"PropertyValueSpecification","valueRequired":true,"valueName":"search_term_string"}}],"inLanguage":"pt-BR"},{"@type":"Person","@id":"https:\/\/www.evino.com.br\/blog\/#\/schema\/person\/5d927793c9c7e96530f925abacc47717","name":"Juliana Cristina","image":{"@type":"ImageObject","inLanguage":"pt-BR","@id":"https:\/\/secure.gravatar.com\/avatar\/db2189b873d7bf5cf61111ef02d922fd77514f06f2ba7ce374ce132367c84cd4?s=96&d=mm&r=g","url":"https:\/\/secure.gravatar.com\/avatar\/db2189b873d7bf5cf61111ef02d922fd77514f06f2ba7ce374ce132367c84cd4?s=96&d=mm&r=g","contentUrl":"https:\/\/secure.gravatar.com\/avatar\/db2189b873d7bf5cf61111ef02d922fd77514f06f2ba7ce374ce132367c84cd4?s=96&d=mm&r=g","caption":"Juliana Cristina"},"url":"https:\/\/www.evino.com.br\/blog\/author\/juliana-garcia\/"}]}},"_links":{"self":[{"href":"https:\/\/www.evino.com.br\/blog\/wp-json\/wp\/v2\/posts\/1938","targetHints":{"allow":["GET"]}}],"collection":[{"href":"https:\/\/www.evino.com.br\/blog\/wp-json\/wp\/v2\/posts"}],"about":[{"href":"https:\/\/www.evino.com.br\/blog\/wp-json\/wp\/v2\/types\/post"}],"author":[{"embeddable":true,"href":"https:\/\/www.evino.com.br\/blog\/wp-json\/wp\/v2\/users\/3"}],"replies":[{"embeddable":true,"href":"https:\/\/www.evino.com.br\/blog\/wp-json\/wp\/v2\/comments?post=1938"}],"version-history":[{"count":0,"href":"https:\/\/www.evino.com.br\/blog\/wp-json\/wp\/v2\/posts\/1938\/revisions"}],"wp:featuredmedia":[{"embeddable":true,"href":"https:\/\/www.evino.com.br\/blog\/wp-json\/wp\/v2\/media\/1949"}],"wp:attachment":[{"href":"https:\/\/www.evino.com.br\/blog\/wp-json\/wp\/v2\/media?parent=1938"}],"wp:term":[{"taxonomy":"category","embeddable":true,"href":"https:\/\/www.evino.com.br\/blog\/wp-json\/wp\/v2\/categories?post=1938"},{"taxonomy":"post_tag","embeddable":true,"href":"https:\/\/www.evino.com.br\/blog\/wp-json\/wp\/v2\/tags?post=1938"}],"curies":[{"name":"wp","href":"https:\/\/api.w.org\/{rel}","templated":true}]}}