{"id":2448,"date":"2020-07-20T20:30:17","date_gmt":"2020-07-20T20:30:17","guid":{"rendered":"https:\/\/blog.evino.com.br\/?p=2448"},"modified":"2022-10-13T19:23:39","modified_gmt":"2022-10-13T19:23:39","slug":"harmonizacao-de-vinhos-para-o-dia-dos-pais","status":"publish","type":"post","link":"https:\/\/www.evino.com.br\/blog\/harmonizacao-de-vinhos-para-o-dia-dos-pais\/","title":{"rendered":"Harmoniza\u00e7\u00e3o de vinhos para o Dia dos Pais"},"content":{"rendered":"<p><span style=\"font-weight: 400;\">O <\/span><b>Dia dos Pais<\/b><span style=\"font-weight: 400;\"> logo logo est\u00e1 a\u00ed, e voc\u00ea j\u00e1 est\u00e1 pensando em como presentear e surpreender neste dia? N\u00f3s reunimos <\/span><b>5 dicas infal\u00edveis de harmoniza\u00e7\u00e3o de vinhos<\/b><span style=\"font-weight: 400;\"> para o presente, almo\u00e7o ou o jantar com o seu grande her\u00f3i. Vamos l\u00e1?<\/span><\/p>\n<p>E fica de olho porque tem uma surpresinha l\u00e1 no final do artigo, t\u00e1? &lt;3<\/p>\n<h2><strong>HARMONIZA\u00c7\u00c3O DE VINHOS ITALIANOS<\/strong><\/h2>\n<p><span style=\"font-weight: 400;\">Ah, a It\u00e1lia! Este \u00e9 um pa\u00eds s\u00edmbolo da enogastronomia mundial, por isso, \u00e9 indispens\u00e1vel quando o\u00a0 assunto \u00e9 harmoniza\u00e7\u00e3o de vinhos, independente da ocasi\u00e3o. A nossa primeira dica para deixar a refei\u00e7\u00e3o do Dia dos Pais ainda melhor s\u00e3o os vinhos italianos da linha <\/span><b>Terre di Sava<\/b><span style=\"font-weight: 400;\">.<\/span><\/p>\n<p><span style=\"font-weight: 400;\">Dentre os tr\u00eas vinhos desta sele\u00e7\u00e3o, dois deles s\u00e3o elaborados na <\/span><a href=\"https:\/\/www.evino.com.br\/blog\/vinhos-da-puglia\/\" target=\"_blank\" rel=\"noopener noreferrer\"><b>Puglia<\/b><\/a><span style=\"font-weight: 400;\">, o famoso \u201csalto da bota italiana\u201d. Neles, voc\u00ea encontrar\u00e1 a famosa <\/span><a href=\"https:\/\/www.evino.com.br\/blog\/uva-primitivo\/\" target=\"_blank\" rel=\"noopener noreferrer\"><b>Primitivo<\/b><\/a><span style=\"font-weight: 400;\">, uma das uvas que mais se destaca na regi\u00e3o. Por conta da estrutura e persist\u00eancia que entrega em boca, junto dos toques de frutas vermelhas, \u00e9 um vinho italiano que cai muito bem com uma deliciosa\u00a0 <\/span><b>bruschetta<\/b><span style=\"font-weight: 400;\"> e um <\/span><b>tortellini de bolonha<\/b><span style=\"font-weight: 400;\">, pratos t\u00edpicos da culin\u00e1ria do pa\u00eds.<\/span><\/p>\n<p><span style=\"font-weight: 400;\">Al\u00e9m dessas op\u00e7\u00f5es, separamos tamb\u00e9m um vinho elaborado a partir de outra uva que domina a regi\u00e3o da Puglia, a <\/span><b>Negroamaro<\/b><span style=\"font-weight: 400;\">. Encorpado e com um toque de frutas vermelhas no sabor e no aroma, esse Terra di Sava \u00e9 um vinho que combina com uma <\/span><b>lasanha \u00e0 bolonhesa <\/b><span style=\"font-weight: 400;\">e com<\/span> <span style=\"font-weight: 400;\">um<\/span><b> ravioli ao molho pesto<\/b><span style=\"font-weight: 400;\">.<\/span><\/p>\n<p><span style=\"font-weight: 400;\">Por \u00faltimo e n\u00e3o menos importante, temos o tradicional <\/span><b>Primitivo di Manduria<\/b><span style=\"font-weight: 400;\">, um grande cl\u00e1ssico da It\u00e1lia. Nele, encontramos um vinho tinto encorpado e macio, que conquista j\u00e1 com os detalhes do r\u00f3tulo e tamb\u00e9m, \u00e9 claro, com um buqu\u00ea e de aromas que come\u00e7a em frutas vermelhas e passa por toques de pimenta e alecrim. A nossa dica para surpreender o seu pai na harmoniza\u00e7\u00e3o, \u00e9 acompanh\u00e1-lo com um<\/span><b> canelone ao sugo<\/b><span style=\"font-weight: 400;\">.\u00a0<\/span><\/p>\n<p><a href=\"https:\/\/www.evino.com.br\/product\/duo-terre-di-sava-e-caixa-de-madeira-a-00-20200719-c-01-bc-02-f-01-p-0-195571.html?utm_medium=Blog&amp;utm_source=Post&amp;utm_campaign=20200720_HarmonizacaoDeVinhosDicas&amp;utm_content=P1_0104081\" target=\"_blank\" rel=\"noopener noreferrer\"><img loading=\"lazy\" decoding=\"async\" class=\"alignnone wp-image-2457 size-medium lazyload\" src=\"https:\/\/www.evino.com.br\/blog\/wp-content\/uploads\/2020\/07\/duo-terre-di-sava-e-caixa-de-madeira-221x300.png\" alt=\"Bot\u00e3o de compra para harmoniza\u00e7\u00e3o de vinhos\" width=\"221\" height=\"300\" \/><\/a>\u00a0 <a href=\"https:\/\/www.evino.com.br\/product\/trio-terre-di-sava-a-00-20200715-c-01-bc-01-f-01-p-0-195261.html?utm_medium=Blog&amp;utm_source=Post&amp;utm_campaign=20200720_HarmonizacaoDeVinhosDicas&amp;utm_content=P2_0103781\" target=\"_blank\" rel=\"noopener noreferrer\"><img loading=\"lazy\" decoding=\"async\" class=\"alignnone wp-image-2463 size-medium lazyload\" src=\"https:\/\/www.evino.com.br\/blog\/wp-content\/uploads\/2020\/07\/trio-terre-di-sava-183x300.png\" alt=\"Bot\u00e3o de compra para harmoniza\u00e7\u00e3o de vinhos\" width=\"183\" height=\"300\" \/><\/a><\/p>\n<p><span style=\"font-weight: 400;\">*Sujeito a altera\u00e7\u00e3o de estoque.<\/span><\/p>\n<h2><strong>VINHOS FRANCESES E QUEIJO PARMES\u00c3O: A HARMONIA PERFEITA<\/strong><\/h2>\n<p><span style=\"font-weight: 400;\">N\u00e3o poder\u00edamos deixar de citar nessa lista um dos pa\u00edses mais importantes no mundo do vinho: a Fran\u00e7a. E logicamente uma de nossas dicas para a harmoniza\u00e7\u00e3o de vinhos franceses seria a cl\u00e1ssica combina\u00e7\u00e3o entre <\/span><b>vinho tinto e queijo parmes\u00e3o.<\/b><\/p>\n<p><span style=\"font-weight: 400;\">Se essa combina\u00e7\u00e3o tem a cara do seu pai, indicamos este kit com uma garrafa do <\/span><b>Ch\u00e2teau Marg\u00e9s<\/b><span style=\"font-weight: 400;\">, um vinho com cerca de <\/span><a href=\"https:\/\/www.evino.com.br\/blog\/idade-e-as-safras-dos-vinhos\/\" target=\"_blank\" rel=\"noopener noreferrer\"><b>8 anos de safra<\/b><\/a><span style=\"font-weight: 400;\">, elaborado na denomina\u00e7\u00e3o de <\/span><b>Graves<\/b><span style=\"font-weight: 400;\">; uma garrafa de <\/span><b>L\u2019Equilibre<\/b><span style=\"font-weight: 400;\">, um blend frutado e suculento entre as uvas <\/span><b>Syrah, Carignan e Grenache Noir<\/b><span style=\"font-weight: 400;\">, e tamb\u00e9m um <\/span><b>queijo parmes\u00e3o Reserva Faixa Azul,<\/b><span style=\"font-weight: 400;\"> que foi reconhecido no <\/span><b>pr\u00eamio internacional World Cheese Awards 2017<\/b><span style=\"font-weight: 400;\"> e que, assim como grandes vinhos, passou por um processo exclusivo de <\/span><b>matura\u00e7\u00e3o que durou 18 meses<\/b><span style=\"font-weight: 400;\">.<\/span><\/p>\n<p><span style=\"font-weight: 400;\">A estrutura e equil\u00edbrio de Ch\u00e2teau Marg\u00e9s e a vivacidade de L\u2019Equilibre harmonizam perfeitamente com a intensidade do parmes\u00e3o, que prometem roubar a cena e fazer sucesso no Dia dos Pais.\u00a0<\/span><\/p>\n<p><span style=\"font-weight: 400;\">Para completar as dicas de harmoniza\u00e7\u00e3o de vinhos franceses, nada melhor do que um trio que entregas diferentes express\u00f5es de uma das regi\u00f5es mais apreciadas pelos en\u00f3logos e origem de vinhos deliciosos: <\/span><b>a Borgonha<\/b><span style=\"font-weight: 400;\">.\u00a0<\/span><\/p>\n<p><span style=\"font-weight: 400;\">Aqui, voc\u00ea encontrar\u00e1 vinhos que variam <\/span><b>entre maciez, delicadeza e refresc\u00e2ncia, al\u00e9m sabores e aromas super frutados<\/b><span style=\"font-weight: 400;\"> &#8211; as pedidas perfeitas para uma refei\u00e7\u00e3o \u00e0 base de carnes brancas, risotos ou um famoso escondidinho de batata com carne seca.<\/span><\/p>\n<p><a href=\"https:\/\/www.evino.com.br\/product\/duo-franca-e-queijo-a-01-20200719-c-01-bc-02-f-01-p-0-195591.html?utm_medium=Blog&amp;utm_source=Post&amp;utm_campaign=20200720_HarmonizacaoDeVinhosDicas&amp;utm_content=P3_0104101\" target=\"_blank\" rel=\"noopener noreferrer\"><img loading=\"lazy\" decoding=\"async\" class=\"alignnone wp-image-2456 size-medium lazyload\" src=\"https:\/\/www.evino.com.br\/blog\/wp-content\/uploads\/2020\/07\/duo-franca-e-queijo-parmesao-290x300.png\" alt=\"Bot\u00e3o de compra para harmoniza\u00e7\u00e3o de vinhos\" width=\"290\" height=\"300\" \/><\/a>\u00a0 <a href=\"https:\/\/www.evino.com.br\/product\/trio-borgonha-a-01-20200630-c-01-bc-02-f-01-p-0-192781.html?utm_medium=Blog&amp;utm_source=Post&amp;utm_campaign=20200720_HarmonizacaoDeVinhosDicas&amp;utm_content=P4_0102131\" target=\"_blank\" rel=\"noopener noreferrer\"><img loading=\"lazy\" decoding=\"async\" class=\"alignnone wp-image-2461 size-medium lazyload\" src=\"https:\/\/www.evino.com.br\/blog\/wp-content\/uploads\/2020\/07\/trio-borgonha-181x300.png\" alt=\"Bot\u00e3o de compra para harmoniza\u00e7\u00e3o de vinhos\" width=\"181\" height=\"300\" \/><\/a><\/p>\n<p><span style=\"font-weight: 400;\">*Sujeito a altera\u00e7\u00e3o de estoque.<\/span><\/p>\n<h2><strong>VINHOS ARGENTINOS E CHURRASCO: A PEDIDA SEM ERRO<\/strong><\/h2>\n<p><span style=\"font-weight: 400;\">\u00c9 claro que, para falar da <\/span><b>harmoniza\u00e7\u00e3o de vinhos argentinos, come\u00e7amos pelo\u00a0 churrasco.<\/b><span style=\"font-weight: 400;\"> Selecionamos os vinhos perfeitos para harmonizar com um\u00a0 dos pratos favoritos do pa\u00eds dos \u201chermanos\u201d.<\/span><\/p>\n<p><span style=\"font-weight: 400;\">Rec\u00e9m-chegados no portf\u00f3lio da Evino, os <\/span><b>vinhos da Bodega Goulart<\/b><span style=\"font-weight: 400;\"> s\u00e3o elaborados e assinados pela brasileira especialista na uva Malbec Erika Goulart, que possui uma incr\u00edvel trajet\u00f3ria desde a descoberta dos vinhedos adquiridos por seu av\u00f4 at\u00e9 o sucesso mundial com seu r\u00f3tulo, e voc\u00ea pode <\/span><a href=\"https:\/\/www.evino.com.br\/blog\/vinhos- argentinos-ineditos-conheca-a-bodega-goulart\/\" target=\"_blank\" rel=\"noopener noreferrer\" data-wplink-url-error=\"true\"><b>descobrir mais sobre essa hist\u00f3ria aqui<\/b><\/a><span style=\"font-weight: 400;\">.<\/span><\/p>\n<p><span style=\"font-weight: 400;\">Para deixar o churrasco do fim de semana do Dia dos Pais ainda melhor, sugerimos estes dois kits.<\/span><\/p>\n<p><a href=\"https:\/\/www.evino.com.br\/product\/trio-m-r-b-a-00-20200717-c-01-bc-02-f-01-p-0-195241.html?utm_medium=Blog&amp;utm_source=Post&amp;utm_campaign=20200720_HarmonizacaoDeVinhosDicas&amp;utm_content=P5_0103761\" target=\"_blank\" rel=\"noopener noreferrer\"><img loading=\"lazy\" decoding=\"async\" class=\"alignnone size-medium wp-image-2459 lazyload\" src=\"https:\/\/www.evino.com.br\/blog\/wp-content\/uploads\/2020\/07\/trio-bodega-goulart-tintos-168x300.png\" alt=\"\" width=\"168\" height=\"300\" \/><\/a>\u00a0 \u00a0 \u00a0<a href=\"https:\/\/www.evino.com.br\/product\/trio-w-t-rose-malbec-a-00-20200717-c-01-bc-02-f-01-p-0-195251.html?utm_medium=Blog&amp;utm_source=Post&amp;utm_campaign=20200720_HarmonizacaoDeVinhosDicas&amp;utm_content=P6_0103771\" target=\"_blank\" rel=\"noopener noreferrer\"><img loading=\"lazy\" decoding=\"async\" class=\"alignnone size-medium wp-image-2460 lazyload\" src=\"https:\/\/www.evino.com.br\/blog\/wp-content\/uploads\/2020\/07\/trio-bodega-goulart-175x300.png\" alt=\"\" width=\"175\" height=\"300\" \/><\/a><\/p>\n<p><span style=\"font-weight: 400;\">*Sujeito a altera\u00e7\u00e3o de estoque.<\/span><\/p>\n<p><span style=\"font-weight: 400;\">O primeiro re\u00fane a especialidade de Erika, um varietal de <\/span><b>Malbec<\/b><span style=\"font-weight: 400;\">, com dois blends especiais, que re\u00fanem <\/span><b>Malbec com Cabernet Sauvignon<\/b><span style=\"font-weight: 400;\"> e <\/span><b>Malbec com Cabernet-Franc<\/b><span style=\"font-weight: 400;\"> respectivamente. Pode apostar sem medo na harmoniza\u00e7\u00e3o com carnes vermelhas como <\/span><b>fil\u00e9 mignon, picanha e fraldinha grelhados<\/b><span style=\"font-weight: 400;\">.<\/span><\/p>\n<p><span style=\"font-weight: 400;\">O segundo kit, al\u00e9m da queridinha Malbec na vers\u00e3o tinta, traz tamb\u00e9m a <\/span><b>vers\u00e3o ros\u00e9 desta uva<\/b><span style=\"font-weight: 400;\"> e um vinho branco elaborado com a casta <\/span><b>Torront\u00e9s<\/b><span style=\"font-weight: 400;\">, muito comum entre os vinhos argentinos. Este trio permite a harmoniza\u00e7\u00e3o com <\/span><b>carnes brancas, como fil\u00e9 de frango e peixes empanados<\/b><span style=\"font-weight: 400;\">.\u00a0\u00a0<\/span><\/p>\n<h2><strong>HARMONIZA\u00c7\u00c3O DE VINHOS CHILENOS<\/strong><\/h2>\n<p><span style=\"font-weight: 400;\">O Chile contribui significativamente no que diz respeito \u00e0 produ\u00e7\u00e3o de vinhos sul-americanos, al\u00e9m de ocupar um lugar especial no cora\u00e7\u00e3o dos brasileiros. Se o seu pai n\u00e3o dispensa um bom vinho chileno, pode apostar nesses vinhos:<\/span><\/p>\n<p><span style=\"font-weight: 400;\">A primeira dica \u00e9 garantir as duas vers\u00f5es do bestseller <\/span><b>Casillero del Diablo<\/b><span style=\"font-weight: 400;\">, assinado pela maior vin\u00edcola da Am\u00e9rica Latina, a <\/span><b>Concha y Toro<\/b><span style=\"font-weight: 400;\">. A vers\u00e3o <\/span><b>Red Blend<\/b><span style=\"font-weight: 400;\"> da linha \u00e9 aveludada em boca e possui notas de ameixas pretas no aroma e no sabor. J\u00e1 a vers\u00e3o <\/span><b>Intense Red<\/b><span style=\"font-weight: 400;\"> \u00e9 encorpada, persistente e tem notas de ameixa, tabaco e chocolate. S\u00e3o r\u00f3tulos que v\u00e3o muito bem com <\/span><b>carnes de ca\u00e7a grelhadas<\/b><span style=\"font-weight: 400;\">, mas tamb\u00e9m recomendamos a harmoniza\u00e7\u00e3o com o t\u00edpico prato brasileiro<\/span><b> bai\u00e3o de dois<\/b><span style=\"font-weight: 400;\">.<\/span><\/p>\n<p><span style=\"font-weight: 400;\">A nossa segunda dica para aproveitar a diversidade dos solos chilenos \u00e9 apostar na versatilidade, eleg\u00e2ncia e equil\u00edbrio da linha Valle de Atacama. Elaborados no c\u00e9lebre <\/span><b><a href=\"https:\/\/www.evino.com.br\/blog\/o-que-e-terroir\/\" target=\"_blank\" rel=\"noopener noreferrer\">terroir<\/a> <\/b><span style=\"font-weight: 400;\">do Valle Central, este kit re\u00fane a rainha das uvas tintas, <\/span><a href=\"https:\/\/www.evino.com.br\/blog\/uva-cabernet-sauvignon\/\" target=\"_blank\" rel=\"noopener noreferrer\"><b>Cabernet Sauvignon<\/b><\/a><span style=\"font-weight: 400;\">, com as francesas <\/span><b>Carm\u00e9n\u00e8re e Merlot<\/b><span style=\"font-weight: 400;\">. Al\u00e9m disso, tem tamb\u00e9m um vinho branco 100% <\/span><b><a href=\"https:\/\/www.evino.com.br\/blog\/chardonnay-day\/\" target=\"_blank\" rel=\"noopener noreferrer\">Chardonnay<\/a>. Nesse caso, voc\u00ea pode <\/b><span style=\"font-weight: 400;\">harmonizar <\/span><b>carnes vermelhas e massas ao molho sugo<\/b><span style=\"font-weight: 400;\"> com os vinhos tintos e, no caso dos vinhos brancos, o que combina bem s\u00e3o <\/span><b>carnes brancas <\/b><span style=\"font-weight: 400;\">e<\/span><b> risotos de molhos leves<\/b><span style=\"font-weight: 400;\">.<\/span><\/p>\n<p><a href=\"https:\/\/www.evino.com.br\/product\/duo-casillero-a-01-20200318-c-01-bc-02-f-01-p-0-178451.html?utm_medium=Blog&amp;utm_source=Post&amp;utm_campaign=20200720_HarmonizacaoDeVinhosDicas&amp;utm_content=P7_093491\" target=\"_blank\" rel=\"noopener noreferrer\"><img loading=\"lazy\" decoding=\"async\" class=\"alignnone size-medium wp-image-2454 lazyload\" src=\"https:\/\/www.evino.com.br\/blog\/wp-content\/uploads\/2020\/07\/duo-casillero-del-diablo-125x300.png\" alt=\"\" width=\"125\" height=\"300\" \/><\/a> \u00a0\u00a0 <a href=\"https:\/\/www.evino.com.br\/product\/kit-linha-valle-de-atacama-a-02-20200619-c-01-bc-01-f-01-p-0-190891.html?utm_medium=Blog&amp;utm_source=Post&amp;utm_campaign=20200720_HarmonizacaoDeVinhosDicas&amp;utm_content=P8_0101261\" target=\"_blank\" rel=\"noopener noreferrer\"><img loading=\"lazy\" decoding=\"async\" class=\"alignnone size-medium wp-image-2458 lazyload\" src=\"https:\/\/www.evino.com.br\/blog\/wp-content\/uploads\/2020\/07\/kit-valle-atacama-209x300.png\" alt=\"\" width=\"209\" height=\"300\" \/><\/a><\/p>\n<p><span style=\"font-weight: 400;\">*Sujeito a altera\u00e7\u00e3o de estoque.<\/span><\/p>\n<h2><strong>HARMONIZA\u00c7\u00c3O DE VINHOS TINTOS COM MIX DE CASTANHAS<\/strong><\/h2>\n<p><span style=\"font-weight: 400;\">Por \u00faltimo e n\u00e3o menos importante, que tal presentear o seu pai com uma <\/span><b>harmoniza\u00e7\u00e3o de vinhos tintos com mix de castanhas trufado<\/b><span style=\"font-weight: 400;\">? \u00c9 uma harmoniza\u00e7\u00e3o simples, deliciosa e diferenciada.<\/span><\/p>\n<p><span style=\"font-weight: 400;\">As castanhas, finalizadas com azeite trufado e segredinhos do chef, quando acompanhada de vinhos tintos com <\/span><b>\u00f3tima acidez e taninos macios<\/b><span style=\"font-weight: 400;\"> como o cl\u00e1ssico <\/span><b>Anciano<\/b><span style=\"font-weight: 400;\">, ou com um vinho mais <\/span><b>encorpado e aveludado<\/b><span style=\"font-weight: 400;\"> como o tradicional <\/span><b>Valpolicella Ripasso Superiore<\/b><span style=\"font-weight: 400;\">, resultam em um sabor \u00fanico.<\/span><\/p>\n<p><a href=\"https:\/\/www.evino.com.br\/product\/trio-e-nuts-a-00-20200719-c-01-bc-01-f-01-p-0-195541.html?utm_medium=Blog&amp;utm_source=Post&amp;utm_campaign=20200720_HarmonizacaoDeVinhosDicas&amp;utm_content=P9_0104051\" target=\"_blank\" rel=\"noopener noreferrer\"><img loading=\"lazy\" decoding=\"async\" class=\"alignnone size-medium wp-image-2462 lazyload\" src=\"https:\/\/www.evino.com.br\/blog\/wp-content\/uploads\/2020\/07\/trio-e-mix-de-castanhas-236x300.png\" alt=\"\" width=\"236\" height=\"300\" \/><\/a>\u00a0 \u00a0 \u00a0 <a href=\"https:\/\/www.evino.com.br\/product\/duo-descobrindo-os-sabores-a-01-20200719-c-01-bc-02-f-01-p-0-195611.html?utm_medium=Blog&amp;utm_source=Post&amp;utm_campaign=20200720_HarmonizacaoDeVinhosDicas&amp;utm_content=P10_0104121\" target=\"_blank\" rel=\"noopener noreferrer\"><img loading=\"lazy\" decoding=\"async\" class=\"alignnone size-medium wp-image-2455 lazyload\" src=\"https:\/\/www.evino.com.br\/blog\/wp-content\/uploads\/2020\/07\/duo-e-mix-de-castanhas-263x300.png\" alt=\"\" width=\"263\" height=\"300\" \/><\/a><\/p>\n<p><span style=\"font-weight: 400;\">*Sujeito a altera\u00e7\u00e3o de estoque.<\/span><\/p>\n<p>Quer turbinar ainda mais o presente do seu pai? a <strong>Evino<\/strong> e a <strong>Foxton<\/strong> se uniram nesse dia dos pais para te ajudar a surpreender o seu her\u00f3i! Utilizando o cupom <strong>EVINO40<\/strong> no <a href=\"https:\/\/www.foxtonbrasil.com.br\/\">site da Foxton<\/a>, voc\u00ea ganha 40% de desconto para renovar o guarda-roupa do seu pai. E tem mais! Nas compras acima de R$ 700, voc\u00ea ganha um dos nossos best sellers. S\u00e3o eles: Portada Winemaker&#8217;s, Portada Reserva, Ziobaffa Tinto e Ziobaffa Pinot Grigio.<\/p>\n<p><span style=\"font-weight: 400;\">E a\u00ed? Agora est\u00e1 mais f\u00e1cil decidir em qual harmoniza\u00e7\u00e3o de vinhos e comida apostar para surpreender o seu pai? Conta para a gente aqui nos coment\u00e1rios! \ud83d\ude09\u00a0<\/span><\/p>\n","protected":false},"excerpt":{"rendered":"<p>O Dia dos Pais logo logo est\u00e1 a\u00ed, e voc\u00ea j\u00e1 est\u00e1 pensando em como presentear e surpreender neste dia? N\u00f3s reunimos 5 dicas infal\u00edveis de harmoniza\u00e7\u00e3o de vinhos para o presente, almo\u00e7o ou o jantar com o seu grande her\u00f3i. Vamos l\u00e1? E fica de olho porque tem uma surpresinha l\u00e1 no final do artigo, t\u00e1? &lt;3 HARMONIZA\u00c7\u00c3O DE VINHOS ITALIANOS Ah, a It\u00e1lia! Este \u00e9 um pa\u00eds s\u00edmbolo da enogastronomia mundial, por isso, \u00e9 indispens\u00e1vel quando o\u00a0 assunto \u00e9 harmoniza\u00e7\u00e3o de vinhos, independente da ocasi\u00e3o. A nossa primeira dica para deixar a refei\u00e7\u00e3o do Dia dos Pais ainda&#8230;<\/p>\n","protected":false},"author":3,"featured_media":3582,"comment_status":"open","ping_status":"open","sticky":false,"template":"","format":"standard","meta":{"_acf_changed":false,"footnotes":""},"categories":[16,17],"tags":[31,55,58,59,194,49,60,184,175,62,63,195,190,41,47,43],"class_list":["post-2448","post","type-post","status-publish","format-standard","has-post-thumbnail","hentry","category-dicas","category-harmonizacao","tag-aprenda-mais","tag-carnes-vermelhas","tag-degustacao","tag-dicas","tag-frango","tag-harmonizacao","tag-massas","tag-para-comer-com-a-familia","tag-para-impressionar","tag-para-o-almoco","tag-para-o-jantar","tag-para-presentear","tag-para-provar-com-a-familia","tag-vinho","tag-vinho-e-comida","tag-vinhos"],"acf":[],"yoast_head":"<!-- This site is optimized with the Yoast SEO plugin v27.5 - https:\/\/yoast.com\/product\/yoast-seo-wordpress\/ -->\n<title>Harmoniza\u00e7\u00e3o de vinhos para o Dia dos Pais - Evino<\/title>\n<meta name=\"description\" content=\"O Dia dos Pais logo logo est\u00e1 a\u00ed e voc\u00ea j\u00e1 est\u00e1 pensando em como surpreender neste dia? N\u00f3s reunimos 5 dicas infal\u00edveis de harmoniza\u00e7\u00e3o de vinhos. Confira!\" \/>\n<meta name=\"robots\" content=\"index, follow, max-snippet:-1, max-image-preview:large, max-video-preview:-1\" \/>\n<link rel=\"canonical\" href=\"https:\/\/www.evino.com.br\/blog\/harmonizacao-de-vinhos-para-o-dia-dos-pais\/\" \/>\n<meta property=\"og:locale\" content=\"pt_BR\" \/>\n<meta property=\"og:type\" content=\"article\" \/>\n<meta property=\"og:title\" content=\"Harmoniza\u00e7\u00e3o de vinhos para o Dia dos Pais - Evino\" \/>\n<meta property=\"og:description\" content=\"O Dia dos Pais logo logo est\u00e1 a\u00ed e voc\u00ea j\u00e1 est\u00e1 pensando em como surpreender neste dia? N\u00f3s reunimos 5 dicas infal\u00edveis de harmoniza\u00e7\u00e3o de vinhos. Confira!\" \/>\n<meta property=\"og:url\" content=\"https:\/\/www.evino.com.br\/blog\/harmonizacao-de-vinhos-para-o-dia-dos-pais\/\" \/>\n<meta property=\"og:site_name\" content=\"Evino\" \/>\n<meta property=\"article:published_time\" content=\"2020-07-20T20:30:17+00:00\" \/>\n<meta property=\"article:modified_time\" content=\"2022-10-13T19:23:39+00:00\" \/>\n<meta property=\"og:image\" content=\"https:\/\/www.evino.com.br\/blog\/wp-content\/uploads\/2021\/10\/harmonizacao-dia-dos-pais-bannerdesk.jpg\" \/>\n\t<meta property=\"og:image:width\" content=\"1450\" \/>\n\t<meta property=\"og:image:height\" content=\"600\" \/>\n\t<meta property=\"og:image:type\" content=\"image\/jpeg\" \/>\n<meta name=\"author\" content=\"Juliana Cristina\" \/>\n<meta name=\"twitter:card\" content=\"summary_large_image\" \/>\n<meta name=\"twitter:label1\" content=\"Escrito por\" \/>\n\t<meta name=\"twitter:data1\" content=\"Juliana Cristina\" \/>\n\t<meta name=\"twitter:label2\" content=\"Est. tempo de leitura\" \/>\n\t<meta name=\"twitter:data2\" content=\"6 minutos\" \/>\n<script type=\"application\/ld+json\" class=\"yoast-schema-graph\">{\"@context\":\"https:\\\/\\\/schema.org\",\"@graph\":[{\"@type\":\"Article\",\"@id\":\"https:\\\/\\\/www.evino.com.br\\\/blog\\\/harmonizacao-de-vinhos-para-o-dia-dos-pais\\\/#article\",\"isPartOf\":{\"@id\":\"https:\\\/\\\/www.evino.com.br\\\/blog\\\/harmonizacao-de-vinhos-para-o-dia-dos-pais\\\/\"},\"author\":{\"name\":\"Juliana Cristina\",\"@id\":\"https:\\\/\\\/www.evino.com.br\\\/blog\\\/#\\\/schema\\\/person\\\/5d927793c9c7e96530f925abacc47717\"},\"headline\":\"Harmoniza\u00e7\u00e3o de vinhos para o Dia dos Pais\",\"datePublished\":\"2020-07-20T20:30:17+00:00\",\"dateModified\":\"2022-10-13T19:23:39+00:00\",\"mainEntityOfPage\":{\"@id\":\"https:\\\/\\\/www.evino.com.br\\\/blog\\\/harmonizacao-de-vinhos-para-o-dia-dos-pais\\\/\"},\"wordCount\":1277,\"commentCount\":0,\"image\":{\"@id\":\"https:\\\/\\\/www.evino.com.br\\\/blog\\\/harmonizacao-de-vinhos-para-o-dia-dos-pais\\\/#primaryimage\"},\"thumbnailUrl\":\"https:\\\/\\\/www.evino.com.br\\\/blog\\\/wp-content\\\/uploads\\\/2021\\\/10\\\/harmonizacao-dia-dos-pais-bannerdesk.jpg\",\"keywords\":[\"aprenda mais\",\"carnes vermelhas\",\"degusta\u00e7\u00e3o\",\"dicas\",\"frango\",\"harmoniza\u00e7\u00e3o\",\"massas\",\"para comer com a fam\u00edlia\",\"para impressionar\",\"para o almo\u00e7o\",\"para o jantar\",\"para presentear\",\"para provar com a fam\u00edlia\",\"vinho\",\"vinho e comida\",\"vinhos\"],\"articleSection\":[\"Dicas\",\"Harmoniza\u00e7\u00e3o\"],\"inLanguage\":\"pt-BR\",\"potentialAction\":[{\"@type\":\"CommentAction\",\"name\":\"Comment\",\"target\":[\"https:\\\/\\\/www.evino.com.br\\\/blog\\\/harmonizacao-de-vinhos-para-o-dia-dos-pais\\\/#respond\"]}]},{\"@type\":\"WebPage\",\"@id\":\"https:\\\/\\\/www.evino.com.br\\\/blog\\\/harmonizacao-de-vinhos-para-o-dia-dos-pais\\\/\",\"url\":\"https:\\\/\\\/www.evino.com.br\\\/blog\\\/harmonizacao-de-vinhos-para-o-dia-dos-pais\\\/\",\"name\":\"Harmoniza\u00e7\u00e3o de vinhos para o Dia dos Pais - Evino\",\"isPartOf\":{\"@id\":\"https:\\\/\\\/www.evino.com.br\\\/blog\\\/#website\"},\"primaryImageOfPage\":{\"@id\":\"https:\\\/\\\/www.evino.com.br\\\/blog\\\/harmonizacao-de-vinhos-para-o-dia-dos-pais\\\/#primaryimage\"},\"image\":{\"@id\":\"https:\\\/\\\/www.evino.com.br\\\/blog\\\/harmonizacao-de-vinhos-para-o-dia-dos-pais\\\/#primaryimage\"},\"thumbnailUrl\":\"https:\\\/\\\/www.evino.com.br\\\/blog\\\/wp-content\\\/uploads\\\/2021\\\/10\\\/harmonizacao-dia-dos-pais-bannerdesk.jpg\",\"datePublished\":\"2020-07-20T20:30:17+00:00\",\"dateModified\":\"2022-10-13T19:23:39+00:00\",\"author\":{\"@id\":\"https:\\\/\\\/www.evino.com.br\\\/blog\\\/#\\\/schema\\\/person\\\/5d927793c9c7e96530f925abacc47717\"},\"description\":\"O Dia dos Pais logo logo est\u00e1 a\u00ed e voc\u00ea j\u00e1 est\u00e1 pensando em como surpreender neste dia? N\u00f3s reunimos 5 dicas infal\u00edveis de harmoniza\u00e7\u00e3o de vinhos. Confira!\",\"breadcrumb\":{\"@id\":\"https:\\\/\\\/www.evino.com.br\\\/blog\\\/harmonizacao-de-vinhos-para-o-dia-dos-pais\\\/#breadcrumb\"},\"inLanguage\":\"pt-BR\",\"potentialAction\":[{\"@type\":\"ReadAction\",\"target\":[\"https:\\\/\\\/www.evino.com.br\\\/blog\\\/harmonizacao-de-vinhos-para-o-dia-dos-pais\\\/\"]}]},{\"@type\":\"ImageObject\",\"inLanguage\":\"pt-BR\",\"@id\":\"https:\\\/\\\/www.evino.com.br\\\/blog\\\/harmonizacao-de-vinhos-para-o-dia-dos-pais\\\/#primaryimage\",\"url\":\"https:\\\/\\\/www.evino.com.br\\\/blog\\\/wp-content\\\/uploads\\\/2021\\\/10\\\/harmonizacao-dia-dos-pais-bannerdesk.jpg\",\"contentUrl\":\"https:\\\/\\\/www.evino.com.br\\\/blog\\\/wp-content\\\/uploads\\\/2021\\\/10\\\/harmonizacao-dia-dos-pais-bannerdesk.jpg\",\"width\":1450,\"height\":600},{\"@type\":\"BreadcrumbList\",\"@id\":\"https:\\\/\\\/www.evino.com.br\\\/blog\\\/harmonizacao-de-vinhos-para-o-dia-dos-pais\\\/#breadcrumb\",\"itemListElement\":[{\"@type\":\"ListItem\",\"position\":1,\"name\":\"In\u00edcio\",\"item\":\"https:\\\/\\\/www.evino.com.br\\\/blog\\\/\"},{\"@type\":\"ListItem\",\"position\":2,\"name\":\"Harmoniza\u00e7\u00e3o de vinhos para o Dia dos Pais\"}]},{\"@type\":\"WebSite\",\"@id\":\"https:\\\/\\\/www.evino.com.br\\\/blog\\\/#website\",\"url\":\"https:\\\/\\\/www.evino.com.br\\\/blog\\\/\",\"name\":\"Evino\",\"description\":\"Blog evino\",\"potentialAction\":[{\"@type\":\"SearchAction\",\"target\":{\"@type\":\"EntryPoint\",\"urlTemplate\":\"https:\\\/\\\/www.evino.com.br\\\/blog\\\/?s={search_term_string}\"},\"query-input\":{\"@type\":\"PropertyValueSpecification\",\"valueRequired\":true,\"valueName\":\"search_term_string\"}}],\"inLanguage\":\"pt-BR\"},{\"@type\":\"Person\",\"@id\":\"https:\\\/\\\/www.evino.com.br\\\/blog\\\/#\\\/schema\\\/person\\\/5d927793c9c7e96530f925abacc47717\",\"name\":\"Juliana Cristina\",\"image\":{\"@type\":\"ImageObject\",\"inLanguage\":\"pt-BR\",\"@id\":\"https:\\\/\\\/secure.gravatar.com\\\/avatar\\\/db2189b873d7bf5cf61111ef02d922fd77514f06f2ba7ce374ce132367c84cd4?s=96&d=mm&r=g\",\"url\":\"https:\\\/\\\/secure.gravatar.com\\\/avatar\\\/db2189b873d7bf5cf61111ef02d922fd77514f06f2ba7ce374ce132367c84cd4?s=96&d=mm&r=g\",\"contentUrl\":\"https:\\\/\\\/secure.gravatar.com\\\/avatar\\\/db2189b873d7bf5cf61111ef02d922fd77514f06f2ba7ce374ce132367c84cd4?s=96&d=mm&r=g\",\"caption\":\"Juliana Cristina\"},\"url\":\"https:\\\/\\\/www.evino.com.br\\\/blog\\\/author\\\/juliana-garcia\\\/\"}]}<\/script>\n<!-- \/ Yoast SEO plugin. -->","yoast_head_json":{"title":"Harmoniza\u00e7\u00e3o de vinhos para o Dia dos Pais - Evino","description":"O Dia dos Pais logo logo est\u00e1 a\u00ed e voc\u00ea j\u00e1 est\u00e1 pensando em como surpreender neste dia? N\u00f3s reunimos 5 dicas infal\u00edveis de harmoniza\u00e7\u00e3o de vinhos. Confira!","robots":{"index":"index","follow":"follow","max-snippet":"max-snippet:-1","max-image-preview":"max-image-preview:large","max-video-preview":"max-video-preview:-1"},"canonical":"https:\/\/www.evino.com.br\/blog\/harmonizacao-de-vinhos-para-o-dia-dos-pais\/","og_locale":"pt_BR","og_type":"article","og_title":"Harmoniza\u00e7\u00e3o de vinhos para o Dia dos Pais - Evino","og_description":"O Dia dos Pais logo logo est\u00e1 a\u00ed e voc\u00ea j\u00e1 est\u00e1 pensando em como surpreender neste dia? N\u00f3s reunimos 5 dicas infal\u00edveis de harmoniza\u00e7\u00e3o de vinhos. Confira!","og_url":"https:\/\/www.evino.com.br\/blog\/harmonizacao-de-vinhos-para-o-dia-dos-pais\/","og_site_name":"Evino","article_published_time":"2020-07-20T20:30:17+00:00","article_modified_time":"2022-10-13T19:23:39+00:00","og_image":[{"width":1450,"height":600,"url":"https:\/\/www.evino.com.br\/blog\/wp-content\/uploads\/2021\/10\/harmonizacao-dia-dos-pais-bannerdesk.jpg","type":"image\/jpeg"}],"author":"Juliana Cristina","twitter_card":"summary_large_image","twitter_misc":{"Escrito por":"Juliana Cristina","Est. tempo de leitura":"6 minutos"},"schema":{"@context":"https:\/\/schema.org","@graph":[{"@type":"Article","@id":"https:\/\/www.evino.com.br\/blog\/harmonizacao-de-vinhos-para-o-dia-dos-pais\/#article","isPartOf":{"@id":"https:\/\/www.evino.com.br\/blog\/harmonizacao-de-vinhos-para-o-dia-dos-pais\/"},"author":{"name":"Juliana Cristina","@id":"https:\/\/www.evino.com.br\/blog\/#\/schema\/person\/5d927793c9c7e96530f925abacc47717"},"headline":"Harmoniza\u00e7\u00e3o de vinhos para o Dia dos Pais","datePublished":"2020-07-20T20:30:17+00:00","dateModified":"2022-10-13T19:23:39+00:00","mainEntityOfPage":{"@id":"https:\/\/www.evino.com.br\/blog\/harmonizacao-de-vinhos-para-o-dia-dos-pais\/"},"wordCount":1277,"commentCount":0,"image":{"@id":"https:\/\/www.evino.com.br\/blog\/harmonizacao-de-vinhos-para-o-dia-dos-pais\/#primaryimage"},"thumbnailUrl":"https:\/\/www.evino.com.br\/blog\/wp-content\/uploads\/2021\/10\/harmonizacao-dia-dos-pais-bannerdesk.jpg","keywords":["aprenda mais","carnes vermelhas","degusta\u00e7\u00e3o","dicas","frango","harmoniza\u00e7\u00e3o","massas","para comer com a fam\u00edlia","para impressionar","para o almo\u00e7o","para o jantar","para presentear","para provar com a fam\u00edlia","vinho","vinho e comida","vinhos"],"articleSection":["Dicas","Harmoniza\u00e7\u00e3o"],"inLanguage":"pt-BR","potentialAction":[{"@type":"CommentAction","name":"Comment","target":["https:\/\/www.evino.com.br\/blog\/harmonizacao-de-vinhos-para-o-dia-dos-pais\/#respond"]}]},{"@type":"WebPage","@id":"https:\/\/www.evino.com.br\/blog\/harmonizacao-de-vinhos-para-o-dia-dos-pais\/","url":"https:\/\/www.evino.com.br\/blog\/harmonizacao-de-vinhos-para-o-dia-dos-pais\/","name":"Harmoniza\u00e7\u00e3o de vinhos para o Dia dos Pais - Evino","isPartOf":{"@id":"https:\/\/www.evino.com.br\/blog\/#website"},"primaryImageOfPage":{"@id":"https:\/\/www.evino.com.br\/blog\/harmonizacao-de-vinhos-para-o-dia-dos-pais\/#primaryimage"},"image":{"@id":"https:\/\/www.evino.com.br\/blog\/harmonizacao-de-vinhos-para-o-dia-dos-pais\/#primaryimage"},"thumbnailUrl":"https:\/\/www.evino.com.br\/blog\/wp-content\/uploads\/2021\/10\/harmonizacao-dia-dos-pais-bannerdesk.jpg","datePublished":"2020-07-20T20:30:17+00:00","dateModified":"2022-10-13T19:23:39+00:00","author":{"@id":"https:\/\/www.evino.com.br\/blog\/#\/schema\/person\/5d927793c9c7e96530f925abacc47717"},"description":"O Dia dos Pais logo logo est\u00e1 a\u00ed e voc\u00ea j\u00e1 est\u00e1 pensando em como surpreender neste dia? N\u00f3s reunimos 5 dicas infal\u00edveis de harmoniza\u00e7\u00e3o de vinhos. Confira!","breadcrumb":{"@id":"https:\/\/www.evino.com.br\/blog\/harmonizacao-de-vinhos-para-o-dia-dos-pais\/#breadcrumb"},"inLanguage":"pt-BR","potentialAction":[{"@type":"ReadAction","target":["https:\/\/www.evino.com.br\/blog\/harmonizacao-de-vinhos-para-o-dia-dos-pais\/"]}]},{"@type":"ImageObject","inLanguage":"pt-BR","@id":"https:\/\/www.evino.com.br\/blog\/harmonizacao-de-vinhos-para-o-dia-dos-pais\/#primaryimage","url":"https:\/\/www.evino.com.br\/blog\/wp-content\/uploads\/2021\/10\/harmonizacao-dia-dos-pais-bannerdesk.jpg","contentUrl":"https:\/\/www.evino.com.br\/blog\/wp-content\/uploads\/2021\/10\/harmonizacao-dia-dos-pais-bannerdesk.jpg","width":1450,"height":600},{"@type":"BreadcrumbList","@id":"https:\/\/www.evino.com.br\/blog\/harmonizacao-de-vinhos-para-o-dia-dos-pais\/#breadcrumb","itemListElement":[{"@type":"ListItem","position":1,"name":"In\u00edcio","item":"https:\/\/www.evino.com.br\/blog\/"},{"@type":"ListItem","position":2,"name":"Harmoniza\u00e7\u00e3o de vinhos para o Dia dos Pais"}]},{"@type":"WebSite","@id":"https:\/\/www.evino.com.br\/blog\/#website","url":"https:\/\/www.evino.com.br\/blog\/","name":"Evino","description":"Blog evino","potentialAction":[{"@type":"SearchAction","target":{"@type":"EntryPoint","urlTemplate":"https:\/\/www.evino.com.br\/blog\/?s={search_term_string}"},"query-input":{"@type":"PropertyValueSpecification","valueRequired":true,"valueName":"search_term_string"}}],"inLanguage":"pt-BR"},{"@type":"Person","@id":"https:\/\/www.evino.com.br\/blog\/#\/schema\/person\/5d927793c9c7e96530f925abacc47717","name":"Juliana Cristina","image":{"@type":"ImageObject","inLanguage":"pt-BR","@id":"https:\/\/secure.gravatar.com\/avatar\/db2189b873d7bf5cf61111ef02d922fd77514f06f2ba7ce374ce132367c84cd4?s=96&d=mm&r=g","url":"https:\/\/secure.gravatar.com\/avatar\/db2189b873d7bf5cf61111ef02d922fd77514f06f2ba7ce374ce132367c84cd4?s=96&d=mm&r=g","contentUrl":"https:\/\/secure.gravatar.com\/avatar\/db2189b873d7bf5cf61111ef02d922fd77514f06f2ba7ce374ce132367c84cd4?s=96&d=mm&r=g","caption":"Juliana Cristina"},"url":"https:\/\/www.evino.com.br\/blog\/author\/juliana-garcia\/"}]}},"_links":{"self":[{"href":"https:\/\/www.evino.com.br\/blog\/wp-json\/wp\/v2\/posts\/2448","targetHints":{"allow":["GET"]}}],"collection":[{"href":"https:\/\/www.evino.com.br\/blog\/wp-json\/wp\/v2\/posts"}],"about":[{"href":"https:\/\/www.evino.com.br\/blog\/wp-json\/wp\/v2\/types\/post"}],"author":[{"embeddable":true,"href":"https:\/\/www.evino.com.br\/blog\/wp-json\/wp\/v2\/users\/3"}],"replies":[{"embeddable":true,"href":"https:\/\/www.evino.com.br\/blog\/wp-json\/wp\/v2\/comments?post=2448"}],"version-history":[{"count":0,"href":"https:\/\/www.evino.com.br\/blog\/wp-json\/wp\/v2\/posts\/2448\/revisions"}],"wp:featuredmedia":[{"embeddable":true,"href":"https:\/\/www.evino.com.br\/blog\/wp-json\/wp\/v2\/media\/3582"}],"wp:attachment":[{"href":"https:\/\/www.evino.com.br\/blog\/wp-json\/wp\/v2\/media?parent=2448"}],"wp:term":[{"taxonomy":"category","embeddable":true,"href":"https:\/\/www.evino.com.br\/blog\/wp-json\/wp\/v2\/categories?post=2448"},{"taxonomy":"post_tag","embeddable":true,"href":"https:\/\/www.evino.com.br\/blog\/wp-json\/wp\/v2\/tags?post=2448"}],"curies":[{"name":"wp","href":"https:\/\/api.w.org\/{rel}","templated":true}]}}