{"id":3775,"date":"2020-07-13T10:50:00","date_gmt":"2020-07-13T10:50:00","guid":{"rendered":"https:\/\/www.evino.com.br\/blog\/?p=3775"},"modified":"2022-08-08T19:31:57","modified_gmt":"2022-08-08T19:31:57","slug":"salada-agridoce","status":"publish","type":"post","link":"https:\/\/www.evino.com.br\/blog\/salada-agridoce\/","title":{"rendered":"Fa\u00e7a essa Salada Agridoce especial com br\u00f3colis, cogumelos e bacon!"},"content":{"rendered":"\n<p>N\u00f3s sabemos que, \u00e0 primeira vista, a salada agridoce parece um prato um tanto quanto inusitado, n\u00e3o \u00e9 mesmo? Mas calma! Juramos que essa receita fica incr\u00edvel e deve conquistar um lugar especial na sua cozinha. Vamos l\u00e1? \ud83d\ude09<\/p>\n\n\n\n<h3 class=\"wp-block-heading\">Ingredientes<\/h3>\n\n\n\n<ul class=\"wp-block-list\"><li>2 ma\u00e7os de br\u00f3colis<\/li><li>1 cebola roxa<\/li><li>200 gramas de bacon<\/li><li>\u00be x\u00edcara de uvas passas<\/li><li>\u00be x\u00edcara de am\u00eandoas laminadas<\/li><li>\u00be x\u00edcara de iogurte<\/li><li>3 colheres de mel<\/li><li>5 colheres de vinagre de ma\u00e7\u00e3<\/li><li>100 gramas de cogumelos<\/li><li>Sal e pimenta do reino a gosto<\/li><\/ul>\n\n\n\n<h3 class=\"wp-block-heading\">Modo de Preparo<\/h3>\n\n\n\n<p>Essa salada com br\u00f3colis, bacon e cogumelos \u00e9 super f\u00e1cil de fazer e ainda \u00e9 saud\u00e1vel! Bora l\u00e1?<\/p>\n\n\n\n<ol class=\"wp-block-list\"><li>Corte os cogumelos em fatias e leve a uma frigideira em fogo baixo. Refogue at\u00e9 que eles amole\u00e7am e depois reserve<\/li><li>Corte os br\u00f3colis e a cebola em fatias bem fininhas e, em seguida, reserve<\/li><li>Para o molho, misture o iogurte com mel e vinagre, e reserve<\/li><li>Em uma tigela, misture o br\u00f3colis, a cebola e os cogumelos, e despeje o molho em cima. Cubra a tigela e reserve<\/li><li>Antes de servir, pique e refogue o bacon at\u00e9 que fique crocante, e misture ao resto<\/li><li>Doure as am\u00eandoas em forno ou numa frigideira antiaderente e, depois, espalhe em cima da salada<\/li><li>Prontinho. O pr\u00f3ximo passo? <strong>Servir e degustar! \ud83d\ude1b<\/strong><\/li><\/ol>\n\n\n\n<h2 class=\"wp-block-heading\">Salada agridoce com vinho? Combina sim!<\/h2>\n\n\n\n<p>Para acompanhar essa receita, a nossa sugest\u00e3o \u00e9 apostar na harmoniza\u00e7\u00e3o com um <strong><a href=\"https:\/\/www.evino.com.br\/catalog\/branco\">vinho branco<\/a> <\/strong>mais leve para que o l\u00edquido n\u00e3o roube todo o gosto da salada, afinal, queremos que os sabores se complementem. Se for um r\u00f3tulo com um pouco mais de acidez, melhor ainda! Que tal um <strong><a href=\"https:\/\/www.evino.com.br\/blog\/sauvignon-blanc-saiba-tudo-sobre-essa-uva-aromatica\/\">Sauvignon Blanc<\/a> ou um <a href=\"https:\/\/www.evino.com.br\/blog\/chardonnay\/\">Chardonnay<\/a><\/strong>? <\/p>\n\n\n\n<p>Comenta aqui embaixo o que voc\u00ea achou desse passo a passo e quais outras receitas voc\u00ea gostaria de aprender a preparar aqui no nosso blog!<\/p>\n","protected":false},"excerpt":{"rendered":"<p>N\u00f3s sabemos que, \u00e0 primeira vista, a salada agridoce parece um prato um tanto quanto inusitado, n\u00e3o \u00e9 mesmo? Mas calma! Juramos que essa receita fica incr\u00edvel e deve conquistar um lugar especial na sua cozinha. Vamos l\u00e1? \ud83d\ude09 Ingredientes 2 ma\u00e7os de br\u00f3colis 1 cebola roxa 200 gramas de bacon \u00be x\u00edcara de uvas passas \u00be x\u00edcara de am\u00eandoas laminadas \u00be x\u00edcara de iogurte 3 colheres de mel 5 colheres de vinagre de ma\u00e7\u00e3 100 gramas de cogumelos Sal e pimenta do reino a gosto Modo de Preparo Essa salada com br\u00f3colis, bacon e cogumelos \u00e9 super f\u00e1cil de&#8230;<\/p>\n","protected":false},"author":1,"featured_media":3776,"comment_status":"open","ping_status":"open","sticky":false,"template":"","format":"standard","meta":{"_acf_changed":false,"footnotes":""},"categories":[17],"tags":[31,49,47],"class_list":["post-3775","post","type-post","status-publish","format-standard","has-post-thumbnail","hentry","category-harmonizacao","tag-aprenda-mais","tag-harmonizacao","tag-vinho-e-comida"],"acf":[],"yoast_head":"<!-- This site is optimized with the Yoast SEO plugin v27.5 - https:\/\/yoast.com\/product\/yoast-seo-wordpress\/ -->\n<title>Salada Agridoce: receita r\u00e1pida e saborosa! | Evino Blog<\/title>\n<meta name=\"description\" content=\"Aprenda a fazer Salada Agridoce com Br\u00f3colis, Cogumelos e Bacon e conte com uma super dica de harmoniza\u00e7\u00e3o para o prato! Clique j\u00e1!\" \/>\n<meta name=\"robots\" content=\"index, follow, max-snippet:-1, max-image-preview:large, max-video-preview:-1\" \/>\n<link rel=\"canonical\" href=\"https:\/\/www.evino.com.br\/blog\/salada-agridoce\/\" \/>\n<meta property=\"og:locale\" content=\"pt_BR\" \/>\n<meta property=\"og:type\" content=\"article\" \/>\n<meta property=\"og:title\" content=\"Salada Agridoce: receita r\u00e1pida e saborosa! | Evino Blog\" \/>\n<meta property=\"og:description\" content=\"Aprenda a fazer Salada Agridoce com Br\u00f3colis, Cogumelos e Bacon e conte com uma super dica de harmoniza\u00e7\u00e3o para o prato! Clique j\u00e1!\" \/>\n<meta property=\"og:url\" content=\"https:\/\/www.evino.com.br\/blog\/salada-agridoce\/\" \/>\n<meta property=\"og:site_name\" content=\"Evino\" \/>\n<meta property=\"article:published_time\" content=\"2020-07-13T10:50:00+00:00\" \/>\n<meta property=\"article:modified_time\" content=\"2022-08-08T19:31:57+00:00\" \/>\n<meta property=\"og:image\" content=\"https:\/\/www.evino.com.br\/blog\/wp-content\/uploads\/2022\/08\/salada-agridoce-scaled.jpg\" \/>\n\t<meta property=\"og:image:width\" content=\"2560\" \/>\n\t<meta property=\"og:image:height\" content=\"1707\" \/>\n\t<meta property=\"og:image:type\" content=\"image\/jpeg\" \/>\n<meta name=\"author\" content=\"Reda\u00e7\u00e3o Evino\" \/>\n<meta name=\"twitter:card\" content=\"summary_large_image\" \/>\n<meta name=\"twitter:label1\" content=\"Escrito por\" \/>\n\t<meta name=\"twitter:data1\" content=\"Reda\u00e7\u00e3o Evino\" \/>\n\t<meta name=\"twitter:label2\" content=\"Est. tempo de leitura\" \/>\n\t<meta name=\"twitter:data2\" content=\"2 minutos\" \/>\n<script type=\"application\/ld+json\" class=\"yoast-schema-graph\">{\"@context\":\"https:\\\/\\\/schema.org\",\"@graph\":[{\"@type\":\"Article\",\"@id\":\"https:\\\/\\\/www.evino.com.br\\\/blog\\\/salada-agridoce\\\/#article\",\"isPartOf\":{\"@id\":\"https:\\\/\\\/www.evino.com.br\\\/blog\\\/salada-agridoce\\\/\"},\"author\":{\"name\":\"Reda\u00e7\u00e3o Evino\",\"@id\":\"https:\\\/\\\/www.evino.com.br\\\/blog\\\/#\\\/schema\\\/person\\\/9fe36f013a51cabe72d7e7d6aa99cd5b\"},\"headline\":\"Fa\u00e7a essa Salada Agridoce especial com br\u00f3colis, cogumelos e bacon!\",\"datePublished\":\"2020-07-13T10:50:00+00:00\",\"dateModified\":\"2022-08-08T19:31:57+00:00\",\"mainEntityOfPage\":{\"@id\":\"https:\\\/\\\/www.evino.com.br\\\/blog\\\/salada-agridoce\\\/\"},\"wordCount\":321,\"commentCount\":0,\"image\":{\"@id\":\"https:\\\/\\\/www.evino.com.br\\\/blog\\\/salada-agridoce\\\/#primaryimage\"},\"thumbnailUrl\":\"https:\\\/\\\/www.evino.com.br\\\/blog\\\/wp-content\\\/uploads\\\/2022\\\/08\\\/salada-agridoce-scaled.jpg\",\"keywords\":[\"aprenda mais\",\"harmoniza\u00e7\u00e3o\",\"vinho e comida\"],\"articleSection\":[\"Harmoniza\u00e7\u00e3o\"],\"inLanguage\":\"pt-BR\",\"potentialAction\":[{\"@type\":\"CommentAction\",\"name\":\"Comment\",\"target\":[\"https:\\\/\\\/www.evino.com.br\\\/blog\\\/salada-agridoce\\\/#respond\"]}]},{\"@type\":\"WebPage\",\"@id\":\"https:\\\/\\\/www.evino.com.br\\\/blog\\\/salada-agridoce\\\/\",\"url\":\"https:\\\/\\\/www.evino.com.br\\\/blog\\\/salada-agridoce\\\/\",\"name\":\"Salada Agridoce: receita r\u00e1pida e saborosa! | Evino Blog\",\"isPartOf\":{\"@id\":\"https:\\\/\\\/www.evino.com.br\\\/blog\\\/#website\"},\"primaryImageOfPage\":{\"@id\":\"https:\\\/\\\/www.evino.com.br\\\/blog\\\/salada-agridoce\\\/#primaryimage\"},\"image\":{\"@id\":\"https:\\\/\\\/www.evino.com.br\\\/blog\\\/salada-agridoce\\\/#primaryimage\"},\"thumbnailUrl\":\"https:\\\/\\\/www.evino.com.br\\\/blog\\\/wp-content\\\/uploads\\\/2022\\\/08\\\/salada-agridoce-scaled.jpg\",\"datePublished\":\"2020-07-13T10:50:00+00:00\",\"dateModified\":\"2022-08-08T19:31:57+00:00\",\"author\":{\"@id\":\"https:\\\/\\\/www.evino.com.br\\\/blog\\\/#\\\/schema\\\/person\\\/9fe36f013a51cabe72d7e7d6aa99cd5b\"},\"description\":\"Aprenda a fazer Salada Agridoce com Br\u00f3colis, Cogumelos e Bacon e conte com uma super dica de harmoniza\u00e7\u00e3o para o prato! Clique j\u00e1!\",\"breadcrumb\":{\"@id\":\"https:\\\/\\\/www.evino.com.br\\\/blog\\\/salada-agridoce\\\/#breadcrumb\"},\"inLanguage\":\"pt-BR\",\"potentialAction\":[{\"@type\":\"ReadAction\",\"target\":[\"https:\\\/\\\/www.evino.com.br\\\/blog\\\/salada-agridoce\\\/\"]}]},{\"@type\":\"ImageObject\",\"inLanguage\":\"pt-BR\",\"@id\":\"https:\\\/\\\/www.evino.com.br\\\/blog\\\/salada-agridoce\\\/#primaryimage\",\"url\":\"https:\\\/\\\/www.evino.com.br\\\/blog\\\/wp-content\\\/uploads\\\/2022\\\/08\\\/salada-agridoce-scaled.jpg\",\"contentUrl\":\"https:\\\/\\\/www.evino.com.br\\\/blog\\\/wp-content\\\/uploads\\\/2022\\\/08\\\/salada-agridoce-scaled.jpg\",\"width\":2560,\"height\":1707,\"caption\":\"prato de salada agridoce com br\u00f3colis, cogumelos e bacon servido sobre a mesa\"},{\"@type\":\"BreadcrumbList\",\"@id\":\"https:\\\/\\\/www.evino.com.br\\\/blog\\\/salada-agridoce\\\/#breadcrumb\",\"itemListElement\":[{\"@type\":\"ListItem\",\"position\":1,\"name\":\"In\u00edcio\",\"item\":\"https:\\\/\\\/www.evino.com.br\\\/blog\\\/\"},{\"@type\":\"ListItem\",\"position\":2,\"name\":\"Fa\u00e7a essa Salada Agridoce especial com br\u00f3colis, cogumelos e bacon!\"}]},{\"@type\":\"WebSite\",\"@id\":\"https:\\\/\\\/www.evino.com.br\\\/blog\\\/#website\",\"url\":\"https:\\\/\\\/www.evino.com.br\\\/blog\\\/\",\"name\":\"Evino\",\"description\":\"Blog evino\",\"potentialAction\":[{\"@type\":\"SearchAction\",\"target\":{\"@type\":\"EntryPoint\",\"urlTemplate\":\"https:\\\/\\\/www.evino.com.br\\\/blog\\\/?s={search_term_string}\"},\"query-input\":{\"@type\":\"PropertyValueSpecification\",\"valueRequired\":true,\"valueName\":\"search_term_string\"}}],\"inLanguage\":\"pt-BR\"},{\"@type\":\"Person\",\"@id\":\"https:\\\/\\\/www.evino.com.br\\\/blog\\\/#\\\/schema\\\/person\\\/9fe36f013a51cabe72d7e7d6aa99cd5b\",\"name\":\"Reda\u00e7\u00e3o Evino\",\"image\":{\"@type\":\"ImageObject\",\"inLanguage\":\"pt-BR\",\"@id\":\"https:\\\/\\\/secure.gravatar.com\\\/avatar\\\/eea913e6f19aea6d925c4912bd17cd66306118f704423784b555a8f6dce55f3b?s=96&d=mm&r=g\",\"url\":\"https:\\\/\\\/secure.gravatar.com\\\/avatar\\\/eea913e6f19aea6d925c4912bd17cd66306118f704423784b555a8f6dce55f3b?s=96&d=mm&r=g\",\"contentUrl\":\"https:\\\/\\\/secure.gravatar.com\\\/avatar\\\/eea913e6f19aea6d925c4912bd17cd66306118f704423784b555a8f6dce55f3b?s=96&d=mm&r=g\",\"caption\":\"Reda\u00e7\u00e3o Evino\"},\"sameAs\":[\"https:\\\/\\\/evino.com.br\\\/blog\"],\"url\":\"https:\\\/\\\/www.evino.com.br\\\/blog\\\/author\\\/conv_admin\\\/\"}]}<\/script>\n<!-- \/ Yoast SEO plugin. -->","yoast_head_json":{"title":"Salada Agridoce: receita r\u00e1pida e saborosa! | Evino Blog","description":"Aprenda a fazer Salada Agridoce com Br\u00f3colis, Cogumelos e Bacon e conte com uma super dica de harmoniza\u00e7\u00e3o para o prato! Clique j\u00e1!","robots":{"index":"index","follow":"follow","max-snippet":"max-snippet:-1","max-image-preview":"max-image-preview:large","max-video-preview":"max-video-preview:-1"},"canonical":"https:\/\/www.evino.com.br\/blog\/salada-agridoce\/","og_locale":"pt_BR","og_type":"article","og_title":"Salada Agridoce: receita r\u00e1pida e saborosa! | Evino Blog","og_description":"Aprenda a fazer Salada Agridoce com Br\u00f3colis, Cogumelos e Bacon e conte com uma super dica de harmoniza\u00e7\u00e3o para o prato! Clique j\u00e1!","og_url":"https:\/\/www.evino.com.br\/blog\/salada-agridoce\/","og_site_name":"Evino","article_published_time":"2020-07-13T10:50:00+00:00","article_modified_time":"2022-08-08T19:31:57+00:00","og_image":[{"width":2560,"height":1707,"url":"https:\/\/www.evino.com.br\/blog\/wp-content\/uploads\/2022\/08\/salada-agridoce-scaled.jpg","type":"image\/jpeg"}],"author":"Reda\u00e7\u00e3o Evino","twitter_card":"summary_large_image","twitter_misc":{"Escrito por":"Reda\u00e7\u00e3o Evino","Est. tempo de leitura":"2 minutos"},"schema":{"@context":"https:\/\/schema.org","@graph":[{"@type":"Article","@id":"https:\/\/www.evino.com.br\/blog\/salada-agridoce\/#article","isPartOf":{"@id":"https:\/\/www.evino.com.br\/blog\/salada-agridoce\/"},"author":{"name":"Reda\u00e7\u00e3o Evino","@id":"https:\/\/www.evino.com.br\/blog\/#\/schema\/person\/9fe36f013a51cabe72d7e7d6aa99cd5b"},"headline":"Fa\u00e7a essa Salada Agridoce especial com br\u00f3colis, cogumelos e bacon!","datePublished":"2020-07-13T10:50:00+00:00","dateModified":"2022-08-08T19:31:57+00:00","mainEntityOfPage":{"@id":"https:\/\/www.evino.com.br\/blog\/salada-agridoce\/"},"wordCount":321,"commentCount":0,"image":{"@id":"https:\/\/www.evino.com.br\/blog\/salada-agridoce\/#primaryimage"},"thumbnailUrl":"https:\/\/www.evino.com.br\/blog\/wp-content\/uploads\/2022\/08\/salada-agridoce-scaled.jpg","keywords":["aprenda mais","harmoniza\u00e7\u00e3o","vinho e comida"],"articleSection":["Harmoniza\u00e7\u00e3o"],"inLanguage":"pt-BR","potentialAction":[{"@type":"CommentAction","name":"Comment","target":["https:\/\/www.evino.com.br\/blog\/salada-agridoce\/#respond"]}]},{"@type":"WebPage","@id":"https:\/\/www.evino.com.br\/blog\/salada-agridoce\/","url":"https:\/\/www.evino.com.br\/blog\/salada-agridoce\/","name":"Salada Agridoce: receita r\u00e1pida e saborosa! | Evino Blog","isPartOf":{"@id":"https:\/\/www.evino.com.br\/blog\/#website"},"primaryImageOfPage":{"@id":"https:\/\/www.evino.com.br\/blog\/salada-agridoce\/#primaryimage"},"image":{"@id":"https:\/\/www.evino.com.br\/blog\/salada-agridoce\/#primaryimage"},"thumbnailUrl":"https:\/\/www.evino.com.br\/blog\/wp-content\/uploads\/2022\/08\/salada-agridoce-scaled.jpg","datePublished":"2020-07-13T10:50:00+00:00","dateModified":"2022-08-08T19:31:57+00:00","author":{"@id":"https:\/\/www.evino.com.br\/blog\/#\/schema\/person\/9fe36f013a51cabe72d7e7d6aa99cd5b"},"description":"Aprenda a fazer Salada Agridoce com Br\u00f3colis, Cogumelos e Bacon e conte com uma super dica de harmoniza\u00e7\u00e3o para o prato! Clique j\u00e1!","breadcrumb":{"@id":"https:\/\/www.evino.com.br\/blog\/salada-agridoce\/#breadcrumb"},"inLanguage":"pt-BR","potentialAction":[{"@type":"ReadAction","target":["https:\/\/www.evino.com.br\/blog\/salada-agridoce\/"]}]},{"@type":"ImageObject","inLanguage":"pt-BR","@id":"https:\/\/www.evino.com.br\/blog\/salada-agridoce\/#primaryimage","url":"https:\/\/www.evino.com.br\/blog\/wp-content\/uploads\/2022\/08\/salada-agridoce-scaled.jpg","contentUrl":"https:\/\/www.evino.com.br\/blog\/wp-content\/uploads\/2022\/08\/salada-agridoce-scaled.jpg","width":2560,"height":1707,"caption":"prato de salada agridoce com br\u00f3colis, cogumelos e bacon servido sobre a mesa"},{"@type":"BreadcrumbList","@id":"https:\/\/www.evino.com.br\/blog\/salada-agridoce\/#breadcrumb","itemListElement":[{"@type":"ListItem","position":1,"name":"In\u00edcio","item":"https:\/\/www.evino.com.br\/blog\/"},{"@type":"ListItem","position":2,"name":"Fa\u00e7a essa Salada Agridoce especial com br\u00f3colis, cogumelos e bacon!"}]},{"@type":"WebSite","@id":"https:\/\/www.evino.com.br\/blog\/#website","url":"https:\/\/www.evino.com.br\/blog\/","name":"Evino","description":"Blog evino","potentialAction":[{"@type":"SearchAction","target":{"@type":"EntryPoint","urlTemplate":"https:\/\/www.evino.com.br\/blog\/?s={search_term_string}"},"query-input":{"@type":"PropertyValueSpecification","valueRequired":true,"valueName":"search_term_string"}}],"inLanguage":"pt-BR"},{"@type":"Person","@id":"https:\/\/www.evino.com.br\/blog\/#\/schema\/person\/9fe36f013a51cabe72d7e7d6aa99cd5b","name":"Reda\u00e7\u00e3o Evino","image":{"@type":"ImageObject","inLanguage":"pt-BR","@id":"https:\/\/secure.gravatar.com\/avatar\/eea913e6f19aea6d925c4912bd17cd66306118f704423784b555a8f6dce55f3b?s=96&d=mm&r=g","url":"https:\/\/secure.gravatar.com\/avatar\/eea913e6f19aea6d925c4912bd17cd66306118f704423784b555a8f6dce55f3b?s=96&d=mm&r=g","contentUrl":"https:\/\/secure.gravatar.com\/avatar\/eea913e6f19aea6d925c4912bd17cd66306118f704423784b555a8f6dce55f3b?s=96&d=mm&r=g","caption":"Reda\u00e7\u00e3o Evino"},"sameAs":["https:\/\/evino.com.br\/blog"],"url":"https:\/\/www.evino.com.br\/blog\/author\/conv_admin\/"}]}},"_links":{"self":[{"href":"https:\/\/www.evino.com.br\/blog\/wp-json\/wp\/v2\/posts\/3775","targetHints":{"allow":["GET"]}}],"collection":[{"href":"https:\/\/www.evino.com.br\/blog\/wp-json\/wp\/v2\/posts"}],"about":[{"href":"https:\/\/www.evino.com.br\/blog\/wp-json\/wp\/v2\/types\/post"}],"author":[{"embeddable":true,"href":"https:\/\/www.evino.com.br\/blog\/wp-json\/wp\/v2\/users\/1"}],"replies":[{"embeddable":true,"href":"https:\/\/www.evino.com.br\/blog\/wp-json\/wp\/v2\/comments?post=3775"}],"version-history":[{"count":0,"href":"https:\/\/www.evino.com.br\/blog\/wp-json\/wp\/v2\/posts\/3775\/revisions"}],"wp:featuredmedia":[{"embeddable":true,"href":"https:\/\/www.evino.com.br\/blog\/wp-json\/wp\/v2\/media\/3776"}],"wp:attachment":[{"href":"https:\/\/www.evino.com.br\/blog\/wp-json\/wp\/v2\/media?parent=3775"}],"wp:term":[{"taxonomy":"category","embeddable":true,"href":"https:\/\/www.evino.com.br\/blog\/wp-json\/wp\/v2\/categories?post=3775"},{"taxonomy":"post_tag","embeddable":true,"href":"https:\/\/www.evino.com.br\/blog\/wp-json\/wp\/v2\/tags?post=3775"}],"curies":[{"name":"wp","href":"https:\/\/api.w.org\/{rel}","templated":true}]}}